{"id":11676,"date":"2020-04-27T17:52:38","date_gmt":"2020-04-27T22:52:38","guid":{"rendered":"http:\/\/www.zonaroja.com.mx\/?p=11676"},"modified":"2020-04-27T18:02:04","modified_gmt":"2020-04-27T23:02:04","slug":"lunes-rojo-en-oaxaca-cuatro-ejecutados-a-balazos-y-dos-heridos","status":"publish","type":"post","link":"https:\/\/zonaroja.com.mx\/?p=11676","title":{"rendered":"Lunes rojo en Oaxaca: cuatro ejecutados a balazos y dos heridos"},"content":{"rendered":"\n<p>Ismael Garc\u00eda M.\/Zona Roja. Foto: \u00abEl Pi\u00f1ero\u00bb<\/p>\n\n\n\n<p>Oaxaca de\nJu\u00e1rez, Oax., 27 de abril de 2020.- La violencia sigue imparable en Oaxaca:\neste lunes cuatro personas fueron asesinadas por disparos de arma de fuego y\ndos m\u00e1s resultaron lesionadas, en las regiones Cuenca, Costa e Istmo de\nTehuantepec.<\/p>\n\n\n\n<p>La tarde de\nhoy en la calle 2 de la colonia Martha Luz de San Juan Bautista Tuxtepec se\nregistr\u00f3 un ataque armado en contra de cuatro personas, dos de las cuales\nmurieron en el instante y una m\u00e1s en un hospital.<\/p>\n\n\n\n<p>Dos de las v\u00edctimas\nmortales ya fueron identificadas de manera preliminar como Alfonso y el otro como\nHumberto, hermanos de apellido L\u00f3pez Pedro. <\/p>\n\n\n\n<p>Por otra\nparte, en la comunidad de Barrio Nuevo, agencia del municipio de Pluma Hidalgo,\nen la regi\u00f3n de la Costa, fue asesinada una persona del sexo masculino,\npresuntamente por disparos de arma de fuego; al momento no ha sido\nidentificada.<\/p>\n\n\n\n<p>Mientras tanto\nen el bulevar Jos\u00e9 Murat de la colonia Doctores, Ciudad Ixtepec, municipio de\nla regi\u00f3n del Istmo, se suscit\u00f3 un ataque armado en contra de un individuo.<\/p>\n\n\n\n<p>Presuntamente\na bordo de una motocicleta, un sujeto pretend\u00eda ejecutar a dicha persona, que\nlogr\u00f3 darse a la fuga y trasladarse a una cl\u00ednica; tambi\u00e9n hasta el momento no\nse tiene su identidad.<\/p>\n\n\n\n<p>DOS OCCISOS<\/p>\n\n\n\n<p>Por otra\nparte, en la calle de Col\u00f3n esquina Manuel \u00c1vila Camacho, fue hallada muerta\nuna persona, presuntamente bebedor consuetudinario, quien se encontr\u00f3 sobre la\nbanqueta; su identidad a\u00fan no ha sido revelada.<\/p>\n\n\n\n<p>En tanto, en\nun cuarto del hotel \u201cMagda\u201d ubicado en el centro del municipio de Salina Cruz,\nfue hallada sin vida una persona del sexo masculino, presuntamente por paro\ncardiaco.<\/p>\n","protected":false},"excerpt":{"rendered":"<p>Ismael Garc\u00eda M.\/Zona Roja. Foto: \u00abEl Pi\u00f1ero\u00bb Oaxaca de Ju\u00e1rez, Oax., 27 de abril de&hellip;<\/p>\n","protected":false},"author":2,"featured_media":11677,"comment_status":"closed","ping_status":"open","sticky":false,"template":"","format":"standard","meta":{"_lmt_disableupdate":"","_lmt_disable":"","_jetpack_memberships_contains_paid_content":false,"footnotes":""},"categories":[109,51],"tags":[1564],"class_list":["post-11676","post","type-post","status-publish","format-standard","has-post-thumbnail","hentry","category-minuto-a-minuto","category-zona-roja","tag-asesinatos-oaxaca"],"jetpack_featured_media_url":"https:\/\/zonaroja.com.mx\/wp-content\/uploads\/2020\/04\/Ejecutados-Tuxtepec.jpg","jetpack_sharing_enabled":true,"_links":{"self":[{"href":"https:\/\/zonaroja.com.mx\/index.php?rest_route=\/wp\/v2\/posts\/11676","targetHints":{"allow":["GET"]}}],"collection":[{"href":"https:\/\/zonaroja.com.mx\/index.php?rest_route=\/wp\/v2\/posts"}],"about":[{"href":"https:\/\/zonaroja.com.mx\/index.php?rest_route=\/wp\/v2\/types\/post"}],"author":[{"embeddable":true,"href":"https:\/\/zonaroja.com.mx\/index.php?rest_route=\/wp\/v2\/users\/2"}],"replies":[{"embeddable":true,"href":"https:\/\/zonaroja.com.mx\/index.php?rest_route=%2Fwp%2Fv2%2Fcomments&post=11676"}],"version-history":[{"count":2,"href":"https:\/\/zonaroja.com.mx\/index.php?rest_route=\/wp\/v2\/posts\/11676\/revisions"}],"predecessor-version":[{"id":11679,"href":"https:\/\/zonaroja.com.mx\/index.php?rest_route=\/wp\/v2\/posts\/11676\/revisions\/11679"}],"wp:featuredmedia":[{"embeddable":true,"href":"https:\/\/zonaroja.com.mx\/index.php?rest_route=\/wp\/v2\/media\/11677"}],"wp:attachment":[{"href":"https:\/\/zonaroja.com.mx\/index.php?rest_route=%2Fwp%2Fv2%2Fmedia&parent=11676"}],"wp:term":[{"taxonomy":"category","embeddable":true,"href":"https:\/\/zonaroja.com.mx\/index.php?rest_route=%2Fwp%2Fv2%2Fcategories&post=11676"},{"taxonomy":"post_tag","embeddable":true,"href":"https:\/\/zonaroja.com.mx\/index.php?rest_route=%2Fwp%2Fv2%2Ftags&post=11676"}],"curies":[{"name":"wp","href":"https:\/\/api.w.org\/{rel}","templated":true}]}}