{"id":11680,"date":"2020-04-27T18:51:02","date_gmt":"2020-04-27T23:51:02","guid":{"rendered":"http:\/\/www.zonaroja.com.mx\/?p=11680"},"modified":"2020-04-27T18:51:05","modified_gmt":"2020-04-27T23:51:05","slug":"pone-en-riesgo-el-issste-oaxaca-hasta-a-personal-de-salud-y-a-pacientes","status":"publish","type":"post","link":"https:\/\/zonaroja.com.mx\/?p=11680","title":{"rendered":"Pone en riesgo el ISSSTE Oaxaca hasta a personal de salud y a pacientes"},"content":{"rendered":"\n<p>Yuridiana\nSosa\/Zona Roja.<\/p>\n\n\n\n<p>Oaxaca de\nJu\u00e1rez, Oax., 27 de abril de 2020.- Personal m\u00e9dico del Hospital Regional \u201cPresidente\nJu\u00e1rez\u201d del ISSSTE en Oaxaca, denunci\u00f3 otra vez irregularidades por parte de la\ndirecci\u00f3n del nosocomio, en la atenci\u00f3n de pacientes de Covid-19, adem\u00e1s de la\nfalta de insumos.<\/p>\n\n\n\n<p>Las\ninconsistencias para tratar a los pacientes por coronavirus, apuntaron, siguen\nsin garantizar la salud de los derechohabientes y del propio cuerpo m\u00e9dico,\nenfermeras y el resto de los trabajadores.<\/p>\n\n\n\n<p>Es esta\nsituaci\u00f3n, responsabilizaron de forma directa al director, Gonzalo L\u00f3pez Cruz;\na la subdirectora m\u00e9dica, Ivonne P\u00e9rez Aquino, y a la directora administrativa,\nCinthia G\u00e9nico, quienes no han establecido un protocolo para evitar el ingreso\nde pacientes Covid-19 a \u00e1reas ajenas a la destinada para este padecimiento.<\/p>\n\n\n\n<p>La queja\nderiv\u00f3 luego que el jueves pasado ingres\u00f3 al \u00e1rea de urgencias un paciente con\ncuadro cl\u00ednico a Covid-19 pero que no fue enviado a \u00e1rea Covid; as\u00ed como\ntampoco han notado la sanitizaci\u00f3n de esas \u00e1reas.<\/p>\n\n\n\n<p>La\ndescoordinaci\u00f3n ocasion\u00f3 el contagio de m\u00e9dicos que atendieron al paciente,\nquien muri\u00f3 por las complicaciones de salud.<\/p>\n\n\n\n<p>Los m\u00e9dicos\nexpusieron que siguen sin recibir los insumos y de protecci\u00f3n, a pesar que a\nnivel nacional la instituci\u00f3n ha presumido de la distribuci\u00f3n de estos\nmateriales.<\/p>\n\n\n\n<p>Por lo que a\ntrav\u00e9s de un amparo buscar\u00e1n protegerse. \u201cSi nos van a obligar a trabajar, que\nsea con lo necesario. No nos negamos, pero que sea con lo indispensable para\nprotegernos\u201d, refirieron.<\/p>\n\n\n\n<p>Esta\nprotesta se suma a la serie de actividades por inconformidad del personal\nm\u00e9dico y enfermer\u00eda de las distintas instituciones de salud p\u00fablica en la\nentidad.<\/p>\n","protected":false},"excerpt":{"rendered":"<p>Yuridiana Sosa\/Zona Roja. Oaxaca de Ju\u00e1rez, Oax., 27 de abril de 2020.- Personal m\u00e9dico del&hellip;<\/p>\n","protected":false},"author":2,"featured_media":11681,"comment_status":"closed","ping_status":"open","sticky":false,"template":"","format":"standard","meta":{"_lmt_disableupdate":"","_lmt_disable":"","_jetpack_memberships_contains_paid_content":false,"footnotes":""},"categories":[109,47],"tags":[1512,1554],"class_list":["post-11680","post","type-post","status-publish","format-standard","has-post-thumbnail","hentry","category-minuto-a-minuto","category-zona-gris","tag-coronavirus-oaxaca","tag-issste-oaxaca"],"jetpack_featured_media_url":"https:\/\/zonaroja.com.mx\/wp-content\/uploads\/2020\/04\/1aabbaff-9bf1-4219-a5d8-b119f34ba439.jpg","jetpack_sharing_enabled":true,"_links":{"self":[{"href":"https:\/\/zonaroja.com.mx\/index.php?rest_route=\/wp\/v2\/posts\/11680","targetHints":{"allow":["GET"]}}],"collection":[{"href":"https:\/\/zonaroja.com.mx\/index.php?rest_route=\/wp\/v2\/posts"}],"about":[{"href":"https:\/\/zonaroja.com.mx\/index.php?rest_route=\/wp\/v2\/types\/post"}],"author":[{"embeddable":true,"href":"https:\/\/zonaroja.com.mx\/index.php?rest_route=\/wp\/v2\/users\/2"}],"replies":[{"embeddable":true,"href":"https:\/\/zonaroja.com.mx\/index.php?rest_route=%2Fwp%2Fv2%2Fcomments&post=11680"}],"version-history":[{"count":1,"href":"https:\/\/zonaroja.com.mx\/index.php?rest_route=\/wp\/v2\/posts\/11680\/revisions"}],"predecessor-version":[{"id":11682,"href":"https:\/\/zonaroja.com.mx\/index.php?rest_route=\/wp\/v2\/posts\/11680\/revisions\/11682"}],"wp:featuredmedia":[{"embeddable":true,"href":"https:\/\/zonaroja.com.mx\/index.php?rest_route=\/wp\/v2\/media\/11681"}],"wp:attachment":[{"href":"https:\/\/zonaroja.com.mx\/index.php?rest_route=%2Fwp%2Fv2%2Fmedia&parent=11680"}],"wp:term":[{"taxonomy":"category","embeddable":true,"href":"https:\/\/zonaroja.com.mx\/index.php?rest_route=%2Fwp%2Fv2%2Fcategories&post=11680"},{"taxonomy":"post_tag","embeddable":true,"href":"https:\/\/zonaroja.com.mx\/index.php?rest_route=%2Fwp%2Fv2%2Ftags&post=11680"}],"curies":[{"name":"wp","href":"https:\/\/api.w.org\/{rel}","templated":true}]}}