{"id":11683,"date":"2020-04-27T20:51:47","date_gmt":"2020-04-28T01:51:47","guid":{"rendered":"http:\/\/www.zonaroja.com.mx\/?p=11683"},"modified":"2020-04-27T20:51:50","modified_gmt":"2020-04-28T01:51:50","slug":"en-10-dias-incrementan-37-5-los-incendios-en-oaxaca","status":"publish","type":"post","link":"https:\/\/zonaroja.com.mx\/?p=11683","title":{"rendered":"En 10 d\u00edas incrementan 37.5 % los incendios en Oaxaca"},"content":{"rendered":"\n<p>Yuridiana Sosa\/Zona Roja.<\/p>\n\n\n\n<p>Oaxaca de Ju\u00e1rez, Oax., 27 de abril de 2020.- En poco m\u00e1s de\nuna semana, el n\u00famero de incendios en la entidad pas\u00f3 de 104 a 143 siniestros,\nque han afectado por lo menos seis mil 600 hect\u00e1reas.<\/p>\n\n\n\n<p>La Comisi\u00f3n Estatal Forestal (Coesfo) dio a conocer que, al\ncorte de este 27 de abril, se reportaron 134 incendios liquidados, cinco\ncontrolados y cuatro a\u00fan activos.<\/p>\n\n\n\n<p>Pero la cifra de hect\u00e1reas afectadas se multiplic\u00f3, y pas\u00f3\nde dos mil 500 a seis mil 601.13 hect\u00e1reas correspondiente, a \u00fanicamente 92\nIncendios forestales, detall\u00f3 la dependencia.&nbsp;\n<\/p>\n\n\n\n<p>Hasta este lunes, los incendios en los que las brigadas de\nla Coesfo y autoridades comunales mantienen actividad para combatir las\nconflagraciones se localizan en la comunidad del Rosario, Juxtlahuaca;&nbsp; San Juan Mixtepec-Santo Domingo Yoso\u00f1ama, de\nla regi\u00f3n Mixteca.<\/p>\n\n\n\n<p>Tambi\u00e9n en Santiago Ixtayutla y Santa Mar\u00eda Acatepec, del\nmunicipio de Villa de Tututepec, en la regi\u00f3n de la Costa.<\/p>\n\n\n\n<p>Mientras que los siniestros controlados se localizan en el\nparaje de \u201cLa Reforma\u201d en la comunidad de San Francisco la Paz, del municipio\nde Santa Mar\u00eda Chimalapa, en la regi\u00f3n del Istmo.<\/p>\n\n\n\n<p>Desde el pasado 24 de abril tambi\u00e9n se combate el fuego,\nahora en la categor\u00eda de controlado en \u201cEl Pedimento\u201d del municipio de Santa\nCatarina Juquila, en la zona en conflictos con Santiago Yaitepec.<\/p>\n\n\n\n<p>As\u00ed como en la rancher\u00eda Emiliano Zapata del municipio de\nSan Juan Quiahije, en la Costa oaxaque\u00f1a; en la poblaci\u00f3n de San Pedro\nTepalcatepec del municipio de San Carlos Yautepec en l\u00edmites con San Pablo\nTopiltepec, en la Sierra Sur.<\/p>\n\n\n\n<p>As\u00ed como en Llano Ojos y Cerro San Miguel, de Santa Mar\u00eda\nEcatepec, en l\u00edmites con San Lucas Ixcotepec, donde tambi\u00e9n interviene la\nComisi\u00f3n Nacional Forestal y la Secretar\u00eda General de Gobierno de Oaxaca.&nbsp; <\/p>\n","protected":false},"excerpt":{"rendered":"<p>Yuridiana Sosa\/Zona Roja. Oaxaca de Ju\u00e1rez, Oax., 27 de abril de 2020.- En poco m\u00e1s&hellip;<\/p>\n","protected":false},"author":2,"featured_media":11684,"comment_status":"closed","ping_status":"open","sticky":false,"template":"","format":"standard","meta":{"_lmt_disableupdate":"","_lmt_disable":"","_jetpack_memberships_contains_paid_content":false,"footnotes":""},"categories":[109,47],"tags":[1255],"class_list":["post-11683","post","type-post","status-publish","format-standard","has-post-thumbnail","hentry","category-minuto-a-minuto","category-zona-gris","tag-comision-estatal-forestal-de-oaxaca"],"jetpack_featured_media_url":"https:\/\/zonaroja.com.mx\/wp-content\/uploads\/2020\/04\/incendio-1.jpg","jetpack_sharing_enabled":true,"_links":{"self":[{"href":"https:\/\/zonaroja.com.mx\/index.php?rest_route=\/wp\/v2\/posts\/11683","targetHints":{"allow":["GET"]}}],"collection":[{"href":"https:\/\/zonaroja.com.mx\/index.php?rest_route=\/wp\/v2\/posts"}],"about":[{"href":"https:\/\/zonaroja.com.mx\/index.php?rest_route=\/wp\/v2\/types\/post"}],"author":[{"embeddable":true,"href":"https:\/\/zonaroja.com.mx\/index.php?rest_route=\/wp\/v2\/users\/2"}],"replies":[{"embeddable":true,"href":"https:\/\/zonaroja.com.mx\/index.php?rest_route=%2Fwp%2Fv2%2Fcomments&post=11683"}],"version-history":[{"count":1,"href":"https:\/\/zonaroja.com.mx\/index.php?rest_route=\/wp\/v2\/posts\/11683\/revisions"}],"predecessor-version":[{"id":11685,"href":"https:\/\/zonaroja.com.mx\/index.php?rest_route=\/wp\/v2\/posts\/11683\/revisions\/11685"}],"wp:featuredmedia":[{"embeddable":true,"href":"https:\/\/zonaroja.com.mx\/index.php?rest_route=\/wp\/v2\/media\/11684"}],"wp:attachment":[{"href":"https:\/\/zonaroja.com.mx\/index.php?rest_route=%2Fwp%2Fv2%2Fmedia&parent=11683"}],"wp:term":[{"taxonomy":"category","embeddable":true,"href":"https:\/\/zonaroja.com.mx\/index.php?rest_route=%2Fwp%2Fv2%2Fcategories&post=11683"},{"taxonomy":"post_tag","embeddable":true,"href":"https:\/\/zonaroja.com.mx\/index.php?rest_route=%2Fwp%2Fv2%2Ftags&post=11683"}],"curies":[{"name":"wp","href":"https:\/\/api.w.org\/{rel}","templated":true}]}}