{"id":11686,"date":"2020-04-27T21:09:25","date_gmt":"2020-04-28T02:09:25","guid":{"rendered":"http:\/\/www.zonaroja.com.mx\/?p=11686"},"modified":"2020-04-27T21:09:28","modified_gmt":"2020-04-28T02:09:28","slug":"en-un-dia-confirman-otros-11-casos-positivos-de-covid-muertes-se-podrian-duplicar","status":"publish","type":"post","link":"https:\/\/zonaroja.com.mx\/?p=11686","title":{"rendered":"En un d\u00eda confirman otros 11 casos positivos de Covid; muertes se podr\u00edan duplicar"},"content":{"rendered":"\n<p>Redacci\u00f3n\/Zona\nRoja.<\/p>\n\n\n\n<p>Oaxaca de\nJu\u00e1rez, Oax. 27 de abril de 2020.- De no acatarse plenamente las indicaciones\nde confinamiento y de las medidas sanitarias, las defunciones en Oaxaca podr\u00edan\nincrementarse el 94 por ciento para la primera semana de mayo, pronosticaron\nexpertos.<\/p>\n\n\n\n<p>Esta noche,\nlos Servicios de Salud de Oaxaca (SS0) dieron a conocer que en el estado se\nnotificaron 11 casos nuevos de Covid-19, de acuerdo con el comunicado t\u00e9cnico\ndiario del avance de la pandemia, con esta cifra la entidad llega a 117\npacientes positivos al coronavirus.<\/p>\n\n\n\n<p>En un\ncomunicado, el&nbsp; secretario de Salud del\nEstado, Donato Casas Escamilla, inform\u00f3 que de los 11 pacientes reportados este\nlunes 27 de abril, cinco corresponden a Valles Centrales, cuatro a la Mixteca y\ndos a Tuxtepec, por lo que las zonas urbanas contin\u00faan concentrando el mayor\nn\u00famero de contagios.<\/p>\n\n\n\n<p>Indic\u00f3 que\ndel total de confirmados, 62 personas ya se recuperaron del padecimiento y se\nmantiene el reporte de 15 defunciones. <\/p>\n\n\n\n<p>As\u00ed tambi\u00e9n,\nde las 651 pruebas aplicadas a personas con sintomatolog\u00eda relacionada a Covid-19,\n515 dieron negativo y 19 permanecen como sospechosos de portar el virus.<\/p>\n\n\n\n<p>Respecto a los pacientes que han recibido alta m\u00e9dica, 43 pertenecen a Valles Centrales, siete a la Mixteca, cinco a la Costa, cuatro a Tuxtepec, dos al Istmo de Tehuantepec, y uno a la Sierra (Norte), se\u00f1al\u00f3 el tambi\u00e9n titular de los SSO.<\/p>\n\n\n\n<figure class=\"wp-block-image\"><img decoding=\"async\" width=\"680\" height=\"382\" src=\"http:\/\/www.zonaroja.com.mx\/wp-content\/uploads\/2020\/04\/Casos-positivos-27abr.jpg\" alt=\"\" class=\"wp-image-11688\" srcset=\"https:\/\/zonaroja.com.mx\/wp-content\/uploads\/2020\/04\/Casos-positivos-27abr.jpg 680w, https:\/\/zonaroja.com.mx\/wp-content\/uploads\/2020\/04\/Casos-positivos-27abr-300x169.jpg 300w, https:\/\/zonaroja.com.mx\/wp-content\/uploads\/2020\/04\/Casos-positivos-27abr-585x329.jpg 585w\" sizes=\"(max-width: 680px) 100vw, 680px\" \/><\/figure>\n\n\n\n<p>Conforme al\nreporte de personas sospechosas de contagio, dijo que seis son del Istmo de\nTehuantepec, cinco de Valles Centrales, cuatro de la Mixteca, tres de Tuxtepec\ny uno de la Sierra (Norte).<\/p>\n\n\n\n<p>Advirti\u00f3 que\ncon base en la informaci\u00f3n actual y la experiencia cl\u00ednica, los adultos mayores\ny las personas de cualquier edad con afecciones subyacentes, corren mayor\nriesgo de enfermarse gravemente a causa de esta patolog\u00eda v\u00edrica. <\/p>\n\n\n\n<p>Por lo que\nadvirti\u00f3 que de no tomarse en serio las acciones de Sana Distancia y la\nestrategia Qu\u00e9date en Casa, se estima un incremento en el n\u00famero de v\u00edctimas\nfatales a causa de la pandemia.<\/p>\n\n\n\n<p>Explic\u00f3 que\nde acuerdo a los expertos y a la aplicaci\u00f3n de un modelo de tendencia\nexponencial, si contin\u00faan las mismas condiciones que han prevalecido en los\n\u00faltimos d\u00edas, se pronostica que se alcancen las 61 defunciones en los primeros\nd\u00edas del mes de mayo del presente a\u00f1o, es decir, un incremento del 96.4 por\nciento.<\/p>\n\n\n\n<p>Finalmente,\nse\u00f1al\u00f3 que hasta el momento no existe medicina ni tratamiento para el nuevo\ncoronavirus, ante lo cual, insisti\u00f3 en la importancia del asilamiento\ndomiciliario para reducir la velocidad de los contagios, el incremento de\npersonas hospitalizadas y por ende las muertes por este virus.<\/p>\n\n\n\n<p>UNA EMBARAZADA<\/p>\n\n\n\n<p>Por otra\nparte, de acuerdo con autoridades municipales y sanitarias de la Villa de\nZaachila, la segunda persona con coronavirus en ese municipio, es una mujer embarazada,\nde 26 a\u00f1os de edad, cuyo estado de salud se reporta como estable y en\nhospitalizaci\u00f3n.<\/p>\n\n\n\n<p>En tanto, en\nAsunci\u00f3n Nochixtl\u00e1n, se dio a conocer este lunes la muerte de una persona de 92\na\u00f1os de edad a causa del Covid-19; era originario de San Miguel Tequixtepec.\nEste deceso a\u00fan no apareci\u00f3 en los registros de los Servicios de Salud de\nOaxaca.<\/p>\n","protected":false},"excerpt":{"rendered":"<p>Redacci\u00f3n\/Zona Roja. Oaxaca de Ju\u00e1rez, Oax. 27 de abril de 2020.- De no acatarse plenamente&hellip;<\/p>\n","protected":false},"author":2,"featured_media":11687,"comment_status":"closed","ping_status":"open","sticky":false,"template":"","format":"standard","meta":{"_lmt_disableupdate":"","_lmt_disable":"","_jetpack_memberships_contains_paid_content":false,"footnotes":""},"categories":[109,47],"tags":[1512],"class_list":["post-11686","post","type-post","status-publish","format-standard","has-post-thumbnail","hentry","category-minuto-a-minuto","category-zona-gris","tag-coronavirus-oaxaca"],"jetpack_featured_media_url":"https:\/\/zonaroja.com.mx\/wp-content\/uploads\/2020\/04\/SSO-1-3.jpeg","jetpack_sharing_enabled":true,"_links":{"self":[{"href":"https:\/\/zonaroja.com.mx\/index.php?rest_route=\/wp\/v2\/posts\/11686","targetHints":{"allow":["GET"]}}],"collection":[{"href":"https:\/\/zonaroja.com.mx\/index.php?rest_route=\/wp\/v2\/posts"}],"about":[{"href":"https:\/\/zonaroja.com.mx\/index.php?rest_route=\/wp\/v2\/types\/post"}],"author":[{"embeddable":true,"href":"https:\/\/zonaroja.com.mx\/index.php?rest_route=\/wp\/v2\/users\/2"}],"replies":[{"embeddable":true,"href":"https:\/\/zonaroja.com.mx\/index.php?rest_route=%2Fwp%2Fv2%2Fcomments&post=11686"}],"version-history":[{"count":1,"href":"https:\/\/zonaroja.com.mx\/index.php?rest_route=\/wp\/v2\/posts\/11686\/revisions"}],"predecessor-version":[{"id":11689,"href":"https:\/\/zonaroja.com.mx\/index.php?rest_route=\/wp\/v2\/posts\/11686\/revisions\/11689"}],"wp:featuredmedia":[{"embeddable":true,"href":"https:\/\/zonaroja.com.mx\/index.php?rest_route=\/wp\/v2\/media\/11687"}],"wp:attachment":[{"href":"https:\/\/zonaroja.com.mx\/index.php?rest_route=%2Fwp%2Fv2%2Fmedia&parent=11686"}],"wp:term":[{"taxonomy":"category","embeddable":true,"href":"https:\/\/zonaroja.com.mx\/index.php?rest_route=%2Fwp%2Fv2%2Fcategories&post=11686"},{"taxonomy":"post_tag","embeddable":true,"href":"https:\/\/zonaroja.com.mx\/index.php?rest_route=%2Fwp%2Fv2%2Ftags&post=11686"}],"curies":[{"name":"wp","href":"https:\/\/api.w.org\/{rel}","templated":true}]}}