{"id":11690,"date":"2020-04-27T21:38:21","date_gmt":"2020-04-28T02:38:21","guid":{"rendered":"http:\/\/www.zonaroja.com.mx\/?p=11690"},"modified":"2020-04-27T21:44:44","modified_gmt":"2020-04-28T02:44:44","slug":"preve-la-uabjo-concluir-el-ciclo-escolar-con-educacion-en-linea","status":"publish","type":"post","link":"https:\/\/zonaroja.com.mx\/?p=11690","title":{"rendered":"Prev\u00e9 la UABJO concluir el ciclo escolar con educaci\u00f3n en l\u00ednea"},"content":{"rendered":"\n<p>Redacci\u00f3n\/Zona\nRoja.<\/p>\n\n\n\n<p>Oaxaca de\nJu\u00e1rez, Oax., 27 de abril de 2020.- Ante la contingencia sanitaria por el\ncoronavirus, la Universidad Aut\u00f3noma \u201cBenito Ju\u00e1rez\u201d de Oaxaca mantiene los\nprocesos de ense\u00f1anza a trav\u00e9s de plataformas digitales y prev\u00e9 concluir el\npresente ciclo escolar mediante el mismo esquema.<\/p>\n\n\n\n<p>En un comunicado\nfirmado por el rector Eduardo Bautista Mart\u00ednez, expuso adem\u00e1s que en conjunto\ncon el Centro de Educaci\u00f3n Continua, Abierta y a Distancia, fortalecer\u00e1n los\nprocesos de formaci\u00f3n dirigidos al personal docente y administrativo, a fin de\naprovechar el entorno virtual y alcanzar los aprendizajes significativos.<\/p>\n\n\n\n<p>En tanto,\ntitulares de escuelas, facultades e institutos, se comprometieron a replantear\ncriterios de evaluaci\u00f3n estudiantil acorde a la modalidad a distancia, que\ngaranticen los principios de igualdad e inclusi\u00f3n.<\/p>\n\n\n\n<p>Asimismo, durante una reuni\u00f3n virtual celebrada el pasado 24 de abril, se determin\u00f3 un periodo \u00fanico de evaluaci\u00f3n ordinaria, del 22 de junio al 10 de julio, lapso en que se revisar\u00e1n los proyectos finales, aplicaci\u00f3n de ex\u00e1menes en l\u00ednea, cotejo de trayectorias escolares y\/o acceso a instalaciones seguras a estudiantes sin conectividad, para su evaluaci\u00f3n correspondiente.<\/p>\n\n\n\n<figure class=\"wp-block-image\"><img decoding=\"async\" width=\"586\" height=\"900\" src=\"http:\/\/www.zonaroja.com.mx\/wp-content\/uploads\/2020\/04\/Desplegado-UABJO.jpg\" alt=\"\" class=\"wp-image-11693\" srcset=\"https:\/\/zonaroja.com.mx\/wp-content\/uploads\/2020\/04\/Desplegado-UABJO.jpg 586w, https:\/\/zonaroja.com.mx\/wp-content\/uploads\/2020\/04\/Desplegado-UABJO-195x300.jpg 195w, https:\/\/zonaroja.com.mx\/wp-content\/uploads\/2020\/04\/Desplegado-UABJO-585x898.jpg 585w\" sizes=\"(max-width: 586px) 100vw, 586px\" \/><\/figure>\n\n\n\n<p>Aunado a\nello, del 13 al 17 de julio se abrir\u00e1 un periodo para aclaraci\u00f3n de dudas y\natenci\u00f3n puntual a estudiantes y docentes.<\/p>\n\n\n\n<p>\u201cLo\nanterior, considerando los criterios espec\u00edficos de las propias unidades\nacad\u00e9micas y con posibilidad de que el cierre de ciclo escolar, para atender\nsituaciones extraordinarias de evaluaci\u00f3n, coincida con la fecha que contempla\nla SEP\u201d, inform\u00f3 la UABJO.<\/p>\n\n\n\n<p>REALIZAN VIDEOCONFERENCIA<\/p>\n\n\n\n<p>Por otra\nparte, en videoconferencia encabezada por el rector Eduardo Bautista Mart\u00ednez,\nfue presentado el curso en l\u00ednea: \u201cModelo educativo UABJO para la\ntransformaci\u00f3n social\u201d, resultado de la colaboraci\u00f3n entre el Centro de\nEvaluaci\u00f3n e Innovaci\u00f3n Educativa (CEVIE) y el Centro de Educaci\u00f3n Continua,\nAbierta y a Distancia (CECAD).<\/p>\n\n\n\n<p>En su\nparticipaci\u00f3n, el rector dijo que este modelo se aprob\u00f3 en noviembre de 2019,\nen Sesi\u00f3n Extraordinaria del Honorable Consejo Universitario y hoy se abre este\ncurso como parte del compromiso con la calidad educativa.<\/p>\n\n\n\n<p>\u201cHablamos de\nun modelo educativo pertinente, acorde al debate actual, con las exigencias que\nse dan desde distintos sectores sociales y productivos de formar a nuestros\nestudiantes de manera integral y competitiva\u201d, afirm\u00f3.<\/p>\n\n\n\n<p>Agreg\u00f3, que\nes una forma de compartir con las instituciones hermanas, las acciones\nimpulsadas desde la universidad al ritmo del debate actual, por la\nactualizaci\u00f3n de la Ley de Educaci\u00f3n Superior, y el modelo convierte a Oaxaca\nen un referente para la transversalizaci\u00f3n de la curr\u00edcula universitaria.<\/p>\n","protected":false},"excerpt":{"rendered":"<p>Redacci\u00f3n\/Zona Roja. Oaxaca de Ju\u00e1rez, Oax., 27 de abril de 2020.- Ante la contingencia sanitaria&hellip;<\/p>\n","protected":false},"author":2,"featured_media":11691,"comment_status":"closed","ping_status":"open","sticky":false,"template":"","format":"standard","meta":{"_lmt_disableupdate":"","_lmt_disable":"","_jetpack_memberships_contains_paid_content":false,"footnotes":""},"categories":[109,46],"tags":[282],"class_list":["post-11690","post","type-post","status-publish","format-standard","has-post-thumbnail","hentry","category-minuto-a-minuto","category-zona-blanca","tag-universidad-autonoma-benito-juarez-de-oaxaca"],"jetpack_featured_media_url":"https:\/\/zonaroja.com.mx\/wp-content\/uploads\/2020\/04\/3-5.jpg","jetpack_sharing_enabled":true,"_links":{"self":[{"href":"https:\/\/zonaroja.com.mx\/index.php?rest_route=\/wp\/v2\/posts\/11690","targetHints":{"allow":["GET"]}}],"collection":[{"href":"https:\/\/zonaroja.com.mx\/index.php?rest_route=\/wp\/v2\/posts"}],"about":[{"href":"https:\/\/zonaroja.com.mx\/index.php?rest_route=\/wp\/v2\/types\/post"}],"author":[{"embeddable":true,"href":"https:\/\/zonaroja.com.mx\/index.php?rest_route=\/wp\/v2\/users\/2"}],"replies":[{"embeddable":true,"href":"https:\/\/zonaroja.com.mx\/index.php?rest_route=%2Fwp%2Fv2%2Fcomments&post=11690"}],"version-history":[{"count":2,"href":"https:\/\/zonaroja.com.mx\/index.php?rest_route=\/wp\/v2\/posts\/11690\/revisions"}],"predecessor-version":[{"id":11694,"href":"https:\/\/zonaroja.com.mx\/index.php?rest_route=\/wp\/v2\/posts\/11690\/revisions\/11694"}],"wp:featuredmedia":[{"embeddable":true,"href":"https:\/\/zonaroja.com.mx\/index.php?rest_route=\/wp\/v2\/media\/11691"}],"wp:attachment":[{"href":"https:\/\/zonaroja.com.mx\/index.php?rest_route=%2Fwp%2Fv2%2Fmedia&parent=11690"}],"wp:term":[{"taxonomy":"category","embeddable":true,"href":"https:\/\/zonaroja.com.mx\/index.php?rest_route=%2Fwp%2Fv2%2Fcategories&post=11690"},{"taxonomy":"post_tag","embeddable":true,"href":"https:\/\/zonaroja.com.mx\/index.php?rest_route=%2Fwp%2Fv2%2Ftags&post=11690"}],"curies":[{"name":"wp","href":"https:\/\/api.w.org\/{rel}","templated":true}]}}