{"id":11695,"date":"2020-04-28T07:57:52","date_gmt":"2020-04-28T12:57:52","guid":{"rendered":"http:\/\/www.zonaroja.com.mx\/?p=11695"},"modified":"2020-04-28T07:57:55","modified_gmt":"2020-04-28T12:57:55","slug":"ejecutan-y-calcinan-a-un-individuo-en-juchitan-de-zaragoza","status":"publish","type":"post","link":"https:\/\/zonaroja.com.mx\/?p=11695","title":{"rendered":"Ejecutan y calcinan a un individuo en Juchit\u00e1n de Zaragoza"},"content":{"rendered":"\n<p>Redacci\u00f3n\/Zona\nRoja.<\/p>\n\n\n\n<p>Oaxaca de\nJu\u00e1rez, Oax., 28 de abril de 2020.- Una persona del sexo masculino fue\nejecutada y calcinada la madrugada de este martes en Juchit\u00e1n de Zaragoza,\nOaxaca.<\/p>\n\n\n\n<p>De acuerdo\ncon los primeros reportes de corporaciones de seguridad p\u00fablica, los hechos\nsucedieron en la calle Libertad esquina callej\u00f3n El Encanto de la colonia\nCampesina, de la S\u00e9ptima Secci\u00f3n de esa ciudad de la regi\u00f3n del Istmo de\nTehuantepec.<\/p>\n\n\n\n<p>En el lugar,\ncorporaciones policiacas y ministeriales hallaron a un individuo semicalcinado,\ncon huellas de tortura y disparos de arma de fuego en el cuerpo. Hasta la\nma\u00f1ana de este d\u00eda a\u00fan no ha sido identificado.<\/p>\n\n\n\n<p>Apenas el\npasado domingo, tres personas fueron baleadas en el interior de su camioneta,\ncuando transitaban en el tramo carretero Tehuantepec-Juchit\u00e1n, a la altura del\nparaje \u201cPuente Madera\u201d; dos de ellos fueron internados en un hospital de Juchit\u00e1n\ny el tercero result\u00f3 ileso.<\/p>\n","protected":false},"excerpt":{"rendered":"<p>Redacci\u00f3n\/Zona Roja. Oaxaca de Ju\u00e1rez, Oax., 28 de abril de 2020.- Una persona del sexo&hellip;<\/p>\n","protected":false},"author":2,"featured_media":3411,"comment_status":"closed","ping_status":"open","sticky":false,"template":"","format":"standard","meta":{"_lmt_disableupdate":"","_lmt_disable":"","_jetpack_memberships_contains_paid_content":false,"footnotes":""},"categories":[109,51],"tags":[123],"class_list":["post-11695","post","type-post","status-publish","format-standard","has-post-thumbnail","hentry","category-minuto-a-minuto","category-zona-roja","tag-juchitan-de-zaragoza"],"jetpack_featured_media_url":"https:\/\/zonaroja.com.mx\/wp-content\/uploads\/2019\/08\/Asesinatos-2.jpg","jetpack_sharing_enabled":true,"_links":{"self":[{"href":"https:\/\/zonaroja.com.mx\/index.php?rest_route=\/wp\/v2\/posts\/11695","targetHints":{"allow":["GET"]}}],"collection":[{"href":"https:\/\/zonaroja.com.mx\/index.php?rest_route=\/wp\/v2\/posts"}],"about":[{"href":"https:\/\/zonaroja.com.mx\/index.php?rest_route=\/wp\/v2\/types\/post"}],"author":[{"embeddable":true,"href":"https:\/\/zonaroja.com.mx\/index.php?rest_route=\/wp\/v2\/users\/2"}],"replies":[{"embeddable":true,"href":"https:\/\/zonaroja.com.mx\/index.php?rest_route=%2Fwp%2Fv2%2Fcomments&post=11695"}],"version-history":[{"count":1,"href":"https:\/\/zonaroja.com.mx\/index.php?rest_route=\/wp\/v2\/posts\/11695\/revisions"}],"predecessor-version":[{"id":11696,"href":"https:\/\/zonaroja.com.mx\/index.php?rest_route=\/wp\/v2\/posts\/11695\/revisions\/11696"}],"wp:featuredmedia":[{"embeddable":true,"href":"https:\/\/zonaroja.com.mx\/index.php?rest_route=\/wp\/v2\/media\/3411"}],"wp:attachment":[{"href":"https:\/\/zonaroja.com.mx\/index.php?rest_route=%2Fwp%2Fv2%2Fmedia&parent=11695"}],"wp:term":[{"taxonomy":"category","embeddable":true,"href":"https:\/\/zonaroja.com.mx\/index.php?rest_route=%2Fwp%2Fv2%2Fcategories&post=11695"},{"taxonomy":"post_tag","embeddable":true,"href":"https:\/\/zonaroja.com.mx\/index.php?rest_route=%2Fwp%2Fv2%2Ftags&post=11695"}],"curies":[{"name":"wp","href":"https:\/\/api.w.org\/{rel}","templated":true}]}}