{"id":11697,"date":"2020-04-28T08:16:10","date_gmt":"2020-04-28T13:16:10","guid":{"rendered":"http:\/\/www.zonaroja.com.mx\/?p=11697"},"modified":"2020-04-28T08:16:13","modified_gmt":"2020-04-28T13:16:13","slug":"pide-diputada-local-gratuidad-de-energia-electrica-en-centros-escolares","status":"publish","type":"post","link":"https:\/\/zonaroja.com.mx\/?p=11697","title":{"rendered":"Pide diputada local gratuidad de energ\u00eda el\u00e9ctrica en centros escolares"},"content":{"rendered":"\n<p>Redacci\u00f3n\/Zona\nRoja.<\/p>\n\n\n\n<p>Oaxaca de\nJu\u00e1rez, Oax., 28 de abril de 2020.- La diputada Magaly L\u00f3pez Dom\u00ednguez propuso\nque la C\u00e1mara de Diputados de Oaxaca remite al Congreso de la Uni\u00f3n una\niniciativa con proyecto de decreto para adicionar un tercer p\u00e1rrafo al art\u00edculo\n139 de la Ley de la Industria El\u00e9ctrica.<\/p>\n\n\n\n<p>Lo anterior,\ncon el fin de establecer ah\u00ed que, en cualquier caso, sea la Comisi\u00f3n Reguladora\nde Energ\u00eda o alguna otra instancia, la regulaci\u00f3n tarifaria establecer\u00e1 la\ngratuidad del servicio el\u00e9ctrico para todas las escuelas p\u00fablicas de educaci\u00f3n\nb\u00e1sica del pa\u00eds. <\/p>\n\n\n\n<p>En un\ncomunicado, indic\u00f3 que uno de los sectores que qued\u00f3 m\u00e1s desprotegidos con las\nreformas neoliberales de gobiernos anteriores, fue el educativo, muestra de\nello fue el hecho de que en los centros escolares se estableci\u00f3 la \u201cautonom\u00eda\nde gesti\u00f3n\u201d de las propias escuelas.<\/p>\n\n\n\n<p>Por el cual\ncada escuela debe hacerse cargo de sus gastos, derivando una crisis que en la\nque a trav\u00e9s de convenios con la Comisi\u00f3n Federal de Electricidad y gobierno\nestatales se lograran \u201cacuerdos\u201d.<\/p>\n\n\n\n<p>\u201cEsto no\nsoluciona el asunto de fondo, al no observar la energ\u00eda el\u00e9ctrica como parte de\nlas condiciones m\u00ednimas para garantizar el derecho a la educaci\u00f3n de las ni\u00f1as\ny los ni\u00f1os de M\u00e9xico\u201d, refiri\u00f3.<\/p>\n\n\n\n<p>\u201cHay que\ntomar en cuenta que la energ\u00eda el\u00e9ctrica forma parte de las condiciones m\u00ednimas\npara garantizar el derecho a la educaci\u00f3n de la poblaci\u00f3n infantil de nuestro\npa\u00eds\u201d, asever\u00f3 Magaly L\u00f3pez.<\/p>\n\n\n\n<p>La iniciativa\nplantea la adici\u00f3n de un tercer p\u00e1rrafo al art\u00edculo 139 de la Ley de la\nIndustria El\u00e9ctrica, en los t\u00e9rminos siguientes: <\/p>\n\n\n\n<p>La CRE\naplicar\u00e1 las metodolog\u00edas correspondientes, as\u00ed como Ejecutivo federal podr\u00e1\ndeterminar la regulaci\u00f3n tarifaria para establecer la gratuidad del servicio\nel\u00e9ctrico para todas las escuelas p\u00fablicas de educaci\u00f3n b\u00e1sica del pa\u00eds.<\/p>\n","protected":false},"excerpt":{"rendered":"<p>Redacci\u00f3n\/Zona Roja. Oaxaca de Ju\u00e1rez, Oax., 28 de abril de 2020.- La diputada Magaly L\u00f3pez&hellip;<\/p>\n","protected":false},"author":2,"featured_media":11209,"comment_status":"closed","ping_status":"open","sticky":false,"template":"","format":"standard","meta":{"_lmt_disableupdate":"","_lmt_disable":"","_jetpack_memberships_contains_paid_content":false,"footnotes":""},"categories":[109,46],"tags":[192],"class_list":["post-11697","post","type-post","status-publish","format-standard","has-post-thumbnail","hentry","category-minuto-a-minuto","category-zona-blanca","tag-diputada-magaly-lopez-dominguez"],"jetpack_featured_media_url":"https:\/\/zonaroja.com.mx\/wp-content\/uploads\/2020\/04\/Llama-Magaly-Lo\u0301pez-a-privilegiarDerechos-Humanos-en-comunidades-indigenas-durante-contingencia-1.jpeg","jetpack_sharing_enabled":true,"_links":{"self":[{"href":"https:\/\/zonaroja.com.mx\/index.php?rest_route=\/wp\/v2\/posts\/11697","targetHints":{"allow":["GET"]}}],"collection":[{"href":"https:\/\/zonaroja.com.mx\/index.php?rest_route=\/wp\/v2\/posts"}],"about":[{"href":"https:\/\/zonaroja.com.mx\/index.php?rest_route=\/wp\/v2\/types\/post"}],"author":[{"embeddable":true,"href":"https:\/\/zonaroja.com.mx\/index.php?rest_route=\/wp\/v2\/users\/2"}],"replies":[{"embeddable":true,"href":"https:\/\/zonaroja.com.mx\/index.php?rest_route=%2Fwp%2Fv2%2Fcomments&post=11697"}],"version-history":[{"count":1,"href":"https:\/\/zonaroja.com.mx\/index.php?rest_route=\/wp\/v2\/posts\/11697\/revisions"}],"predecessor-version":[{"id":11698,"href":"https:\/\/zonaroja.com.mx\/index.php?rest_route=\/wp\/v2\/posts\/11697\/revisions\/11698"}],"wp:featuredmedia":[{"embeddable":true,"href":"https:\/\/zonaroja.com.mx\/index.php?rest_route=\/wp\/v2\/media\/11209"}],"wp:attachment":[{"href":"https:\/\/zonaroja.com.mx\/index.php?rest_route=%2Fwp%2Fv2%2Fmedia&parent=11697"}],"wp:term":[{"taxonomy":"category","embeddable":true,"href":"https:\/\/zonaroja.com.mx\/index.php?rest_route=%2Fwp%2Fv2%2Fcategories&post=11697"},{"taxonomy":"post_tag","embeddable":true,"href":"https:\/\/zonaroja.com.mx\/index.php?rest_route=%2Fwp%2Fv2%2Ftags&post=11697"}],"curies":[{"name":"wp","href":"https:\/\/api.w.org\/{rel}","templated":true}]}}