{"id":11699,"date":"2020-04-28T09:47:52","date_gmt":"2020-04-28T14:47:52","guid":{"rendered":"http:\/\/www.zonaroja.com.mx\/?p=11699"},"modified":"2020-04-28T10:46:06","modified_gmt":"2020-04-28T15:46:06","slug":"la-ue-critica-impunidad-en-asesinatos-de-los-activistas-bety-carino-y-jyri-jaakkola","status":"publish","type":"post","link":"https:\/\/zonaroja.com.mx\/?p=11699","title":{"rendered":"La UE critica impunidad en asesinatos de los activistas Bety Cari\u00f1o y Jyri Jaakkola"},"content":{"rendered":"\n<p>Redacci\u00f3n\/Zona\nRoja.<\/p>\n\n\n\n<p>Ciudad de\nM\u00e9xico, 28 de abril de 2020.- Ayer, se cumpli\u00f3 el d\u00e9cimo aniversario por el\nasesinato de la oaxaque\u00f1a defensora de derechos humanos Alberta Cari\u00f1o Trujillo\ny del ciudadano finland\u00e9s Jyri Jaakkola, cuando paramilitares abrieron fuego\ncontra una caravana humanitaria que se dirig\u00eda a San Juan Copala, Oaxaca.<\/p>\n\n\n\n<p>Por ello la\ndelegaci\u00f3n en M\u00e9xico de la Uni\u00f3n Europea (UE) y las embajadas de Noruega y\nSuiza en nuestra naci\u00f3n criticaron que el caso contin\u00fae en la impunidad y\nexhortaron a las autoridades a garantizar que haya justicia por estos cr\u00edmenes.<\/p>\n\n\n\n<p>Asimismo,\nexpresaron su preocupaci\u00f3n por la peligrosa situaci\u00f3n en la que se encuentran\nlos activistas, muchos de ellos asesinados por su labor. Sus muertes reflejan\nel preocupante grado de impunidad, as\u00ed como la violencia, los asesinatos y la\nintimidaci\u00f3n al que siguen enfrent\u00e1ndose en M\u00e9xico.<\/p>\n\n\n\n<p>Las\nrepresentaciones diplom\u00e1ticas que forman parte de la delegaci\u00f3n de la Uni\u00f3n\nEuropea conminaron a las autoridades mexicanas a desplegar todos los esfuerzos\nposibles para brindar justicia ante todos los casos contra defensores, as\u00ed como\njuzgar a los responsables intelectuales y materiales para que no queden zonas\nde silencio donde los activistas no se atrevan a trabajar.<\/p>\n\n\n\n<p>Ante la\nalarmante reincidencia de agresiones contra defensores y defensoras en el pa\u00eds,\ninstamos a las autoridades mexicanas competentes a hacer uso de todos los\nmedios a su alcance para garantizar la protecci\u00f3n de todas las personas que\ndefienden los derechos humanos en M\u00e9xico. <\/p>\n\n\n\n<p>Asimismo,\ninstamos a las autoridades a que casos como los de Bety Cari\u00f1o y Jyri Jaakkola\nno queden impunes, se\u00f1alaron en un comunicado conjunto.<\/p>\n\n\n\n<p>(Informaci\u00f3n\nde \u201cLa Jornada\u201d)<\/p>\n","protected":false},"excerpt":{"rendered":"<p>Redacci\u00f3n\/Zona Roja. Ciudad de M\u00e9xico, 28 de abril de 2020.- Ayer, se cumpli\u00f3 el d\u00e9cimo&hellip;<\/p>\n","protected":false},"author":2,"featured_media":11700,"comment_status":"closed","ping_status":"open","sticky":false,"template":"","format":"standard","meta":{"_lmt_disableupdate":"","_lmt_disable":"","_jetpack_memberships_contains_paid_content":false,"footnotes":""},"categories":[109,47],"tags":[1647],"class_list":["post-11699","post","type-post","status-publish","format-standard","has-post-thumbnail","hentry","category-minuto-a-minuto","category-zona-gris","tag-alberta-bety-carino"],"jetpack_featured_media_url":"https:\/\/zonaroja.com.mx\/wp-content\/uploads\/2020\/04\/Bety-Cari\u00f1o.jpg","jetpack_sharing_enabled":true,"_links":{"self":[{"href":"https:\/\/zonaroja.com.mx\/index.php?rest_route=\/wp\/v2\/posts\/11699","targetHints":{"allow":["GET"]}}],"collection":[{"href":"https:\/\/zonaroja.com.mx\/index.php?rest_route=\/wp\/v2\/posts"}],"about":[{"href":"https:\/\/zonaroja.com.mx\/index.php?rest_route=\/wp\/v2\/types\/post"}],"author":[{"embeddable":true,"href":"https:\/\/zonaroja.com.mx\/index.php?rest_route=\/wp\/v2\/users\/2"}],"replies":[{"embeddable":true,"href":"https:\/\/zonaroja.com.mx\/index.php?rest_route=%2Fwp%2Fv2%2Fcomments&post=11699"}],"version-history":[{"count":1,"href":"https:\/\/zonaroja.com.mx\/index.php?rest_route=\/wp\/v2\/posts\/11699\/revisions"}],"predecessor-version":[{"id":11701,"href":"https:\/\/zonaroja.com.mx\/index.php?rest_route=\/wp\/v2\/posts\/11699\/revisions\/11701"}],"wp:featuredmedia":[{"embeddable":true,"href":"https:\/\/zonaroja.com.mx\/index.php?rest_route=\/wp\/v2\/media\/11700"}],"wp:attachment":[{"href":"https:\/\/zonaroja.com.mx\/index.php?rest_route=%2Fwp%2Fv2%2Fmedia&parent=11699"}],"wp:term":[{"taxonomy":"category","embeddable":true,"href":"https:\/\/zonaroja.com.mx\/index.php?rest_route=%2Fwp%2Fv2%2Fcategories&post=11699"},{"taxonomy":"post_tag","embeddable":true,"href":"https:\/\/zonaroja.com.mx\/index.php?rest_route=%2Fwp%2Fv2%2Ftags&post=11699"}],"curies":[{"name":"wp","href":"https:\/\/api.w.org\/{rel}","templated":true}]}}