{"id":11703,"date":"2020-04-28T11:00:09","date_gmt":"2020-04-28T16:00:09","guid":{"rendered":"http:\/\/www.zonaroja.com.mx\/?p=11703"},"modified":"2020-04-28T11:00:11","modified_gmt":"2020-04-28T16:00:11","slug":"exige-sociedad-civil-transparencia-en-la-informacion-ante-pandemia-por-covid-19","status":"publish","type":"post","link":"https:\/\/zonaroja.com.mx\/?p=11703","title":{"rendered":"Exige sociedad civil transparencia en la informaci\u00f3n ante pandemia por Covid-19"},"content":{"rendered":"\n<p>Evlin\nArag\u00f3n\/Zona Roja.<\/p>\n\n\n\n<p>Oaxaca de\nJu\u00e1rez, Oax., 28 de abril de 2020.- Diversas organizaciones de la sociedad\ncivil, colectivos de mujeres y personas a t\u00edtulo personal, solicitaron al\ngobierno de Oaxaca que encabeza Alejandro Murat Hinojosa, transparencia en la\ninformaci\u00f3n que se proporciona en torno a la pandemia por Covid-19 en la\nentidad oaxaque\u00f1a.<\/p>\n\n\n\n<p>Mediante una\ncarta dirigida al mandatario estatal y a las autoridades en materia de Salud,\nmanifestaron su preocupaci\u00f3n ante las limitaciones con las que operan\nactualmente los Servicios de Salud, raz\u00f3n por la que exigieron se haga p\u00fablica\nla realidad a la que se enfrentan tanto profesionales en la medicina como\npacientes.<\/p>\n\n\n\n<p>De forma\nespec\u00edfica, exigieron que se haga p\u00fablica, de manera clara y precisa, la red de\nservicios estatal que se har\u00e1 cargo de la atenci\u00f3n de pacientes con\ncomplicaciones por Covid-19, misma que piden incluya el n\u00famero y la ubicaci\u00f3n\nde hospitales.<\/p>\n\n\n\n<p>En este\nsentido aseguran que es fundamental conocer el n\u00famero de camas disponibles por\ncada hospital para la atenci\u00f3n de pacientes que sean confirmados con el virus,\nas\u00ed como la red de servicios de ambulancias que se encuentran habilitadas para\nel traslado de personas con complicaciones a causa del coronavirus.<\/p>\n\n\n\n<p>\u201cConsiderando\nque esta informaci\u00f3n no ha fluido eficientemente entre la ciudadan\u00eda y que es\nfundamental estar informadas e informados para la toma de decisiones\nrelacionadas con la atenci\u00f3n del Covid, esperamos poder contar con esta\ninformaci\u00f3n a la brevedad para contribuir con su difusi\u00f3n\u201d, cita el documento\ndistribuido a trav\u00e9s de las redes sociales.<\/p>\n\n\n\n<p>De igual\nforma, pidieron se especifique el n\u00famero de equipo, personal y horas de\ncapacitaci\u00f3n para la recepci\u00f3n, tratamiento y atenci\u00f3n de pacientes; as\u00ed como\nlos protocolos a seguir en la entidad para la atenci\u00f3n de personas cuyo\ndiagn\u00f3stico sea positivo. <\/p>\n\n\n\n<p>Lo anterior\ndebe incluir las \u00e1reas por las que se tiene que ingresar a pacientes; las\nmedidas de cuidado si el traslado es a trav\u00e9s de veh\u00edculos privados; las\nespecificaciones a seguir para llevar a pacientes a centros de salud y cl\u00ednicas\ndel primer nivel de atenci\u00f3n para la referencia por Covid-19, incluida una\nestrategia especial para el traslado desde comunidades rurales del estado.<\/p>\n\n\n\n<p>Igualmente, las\nestrategias, en caso de existir, en torno a la atenci\u00f3n y traslado de pacientes\nen situaci\u00f3n de vulnerabilidad: migrantes, pacientes psiqui\u00e1tricos, personas\nmayores en asilos, personas en encierro carcelario, personas en situaci\u00f3n de\ncalle.<\/p>\n\n\n\n<p>Finalmente\nexpusieron que como ciudadan\u00eda responsable, apuestan por ejercer una\ncontralor\u00eda social que contribuya a la operaci\u00f3n coordinada y eficiente de los\nservicios estatales a fin de que se garantice el derecho a la salud de acuerdo\na lo establecido en el art\u00edculo 4 de la Constituci\u00f3n de M\u00e9xico.<\/p>\n","protected":false},"excerpt":{"rendered":"<p>Evlin Arag\u00f3n\/Zona Roja. Oaxaca de Ju\u00e1rez, Oax., 28 de abril de 2020.- Diversas organizaciones de&hellip;<\/p>\n","protected":false},"author":2,"featured_media":11704,"comment_status":"closed","ping_status":"open","sticky":false,"template":"","format":"standard","meta":{"_lmt_disableupdate":"","_lmt_disable":"","_jetpack_memberships_contains_paid_content":false,"footnotes":""},"categories":[109,47],"tags":[1512],"class_list":["post-11703","post","type-post","status-publish","format-standard","has-post-thumbnail","hentry","category-minuto-a-minuto","category-zona-gris","tag-coronavirus-oaxaca"],"jetpack_featured_media_url":"https:\/\/zonaroja.com.mx\/wp-content\/uploads\/2020\/04\/IMG_5565.jpg","jetpack_sharing_enabled":true,"_links":{"self":[{"href":"https:\/\/zonaroja.com.mx\/index.php?rest_route=\/wp\/v2\/posts\/11703","targetHints":{"allow":["GET"]}}],"collection":[{"href":"https:\/\/zonaroja.com.mx\/index.php?rest_route=\/wp\/v2\/posts"}],"about":[{"href":"https:\/\/zonaroja.com.mx\/index.php?rest_route=\/wp\/v2\/types\/post"}],"author":[{"embeddable":true,"href":"https:\/\/zonaroja.com.mx\/index.php?rest_route=\/wp\/v2\/users\/2"}],"replies":[{"embeddable":true,"href":"https:\/\/zonaroja.com.mx\/index.php?rest_route=%2Fwp%2Fv2%2Fcomments&post=11703"}],"version-history":[{"count":1,"href":"https:\/\/zonaroja.com.mx\/index.php?rest_route=\/wp\/v2\/posts\/11703\/revisions"}],"predecessor-version":[{"id":11705,"href":"https:\/\/zonaroja.com.mx\/index.php?rest_route=\/wp\/v2\/posts\/11703\/revisions\/11705"}],"wp:featuredmedia":[{"embeddable":true,"href":"https:\/\/zonaroja.com.mx\/index.php?rest_route=\/wp\/v2\/media\/11704"}],"wp:attachment":[{"href":"https:\/\/zonaroja.com.mx\/index.php?rest_route=%2Fwp%2Fv2%2Fmedia&parent=11703"}],"wp:term":[{"taxonomy":"category","embeddable":true,"href":"https:\/\/zonaroja.com.mx\/index.php?rest_route=%2Fwp%2Fv2%2Fcategories&post=11703"},{"taxonomy":"post_tag","embeddable":true,"href":"https:\/\/zonaroja.com.mx\/index.php?rest_route=%2Fwp%2Fv2%2Ftags&post=11703"}],"curies":[{"name":"wp","href":"https:\/\/api.w.org\/{rel}","templated":true}]}}