{"id":11706,"date":"2020-04-28T12:02:19","date_gmt":"2020-04-28T17:02:19","guid":{"rendered":"http:\/\/www.zonaroja.com.mx\/?p=11706"},"modified":"2020-04-28T12:02:23","modified_gmt":"2020-04-28T17:02:23","slug":"hacen-taxistas-del-valle-de-etla-labores-de-la-secretaria-de-movilidad","status":"publish","type":"post","link":"https:\/\/zonaroja.com.mx\/?p=11706","title":{"rendered":"Hacen taxistas del valle de Etla labores de la Secretar\u00eda de Movilidad"},"content":{"rendered":"\n<p>Evlin\nArag\u00f3n\/Zona Roja.<\/p>\n\n\n\n<p>Oaxaca de\nJu\u00e1rez, Oax., 28 de abril de 2020.- Ante la desatenci\u00f3n de la Secretar\u00eda de\nMovilidad, taxistas de San Pablo Huitzo y de Francisco Telixtlahuaca instalaron\nesta ma\u00f1ana un ret\u00e9n en el acceso a las respectivas localidades, para impedir\nel paso de camionetas tipo Urvan, que aseguran generan una competencia desleal\nal llevar el cupo lleno en tiempos de contingencia por Covid-19.<\/p>\n\n\n\n<p>Y es que\ndesde la semana pasada y a partir de un decreto por parte del gobierno de\nOaxaca, el transporte p\u00fablico ha sido limitado en su cupo y horario de\ncirculaci\u00f3n, lo que ha obligado a que s\u00f3lo dos pasajeros puedan ir a bordo de\nlos taxis for\u00e1neos, situaci\u00f3n que aseguran va en detrimento de la econom\u00eda de\nlos ch\u00f3feres.<\/p>\n\n\n\n<p>\u201cEstamos\ninconformes de las Urvan de Telixtlahuaca y San Pablo Huitzo, a todos nos est\u00e1\npegando la econom\u00eda y no es posible que estas van con sobrecupo, d\u00f3nde est\u00e1 el\ndecreto federal que nos dio Semovi y seg\u00fan el Gobierno del Estado de Oaxaca, de\nqu\u00e9 se trata esto, de un juego o qu\u00e9 pasa\u201d, dijo un taxista de Huitzo, Rafael\nCruz Ignacio.<\/p>\n\n\n\n<p>Explic\u00f3 que las multas por llevar sobrecupo son de hasta cuatro mil pesos, raz\u00f3n por la que decidieron hacer p\u00fablica la situaci\u00f3n y evidenciar que el trato es diferenciado dependiendo el tipo de transporte, ya que las camionetas for\u00e1neas pueden llevar hasta ocho personas de cupo.<\/p>\n\n\n\n<figure class=\"wp-block-embed-twitter wp-block-embed is-type-rich is-provider-twitter\"><div class=\"wp-block-embed__wrapper\">\n<div class=\"twitter-tweet\"><blockquote class=\"twitter-tweet\" data-lang=\"es\"><p lang=\"es\" dir=\"ltr\"><a href=\"https:\/\/twitter.com\/hashtag\/Qu%C3%A9dateRnCasaYa?src=hash&amp;ref_src=twsrc%5Etfw\">#Qu\u00e9dateRnCasaYa<\/a><br>La protesta del d\u00eda la iniciaron hoy taxistas de San Pablo Huitzo y San Francisco Telixtlahuaca, que se disputan las rutas de transporte y acusan invasi\u00f3n as\u00ed como nula intervenci\u00f3n de la <a href=\"https:\/\/twitter.com\/SEMOVI_GobOax?ref_src=twsrc%5Etfw\">@SEMOVI_GobOax<\/a> en la regulaci\u00f3n del n\u00famero de pasajeros. <a href=\"https:\/\/t.co\/lyafzLZFUc\">pic.twitter.com\/lyafzLZFUc<\/a><\/p>&mdash; Zona Roja Oaxaca (@MexRoja) <a href=\"https:\/\/twitter.com\/MexRoja\/status\/1255141403404820487?ref_src=twsrc%5Etfw\">28 de abril de 2020<\/a><\/blockquote><\/div>\n<\/div><\/figure>\n\n\n\n<p>Apenas ayer\nusuarias y usuarios denunciaron el aumento en el costo del transporte el cual\nsubi\u00f3 a 50 pesos, situaci\u00f3n que aceptaron y aseguraron es \u00fanicamente para\nconseguir lo de la gasolina de ida y vuelta, sin \u00e1nimo de afectar a la\npoblaci\u00f3n.<\/p>\n\n\n\n<p>\u201cNo\ndesmentimos, realmente no sale con 50 pesos de ida y vuelta. No estamos\nabusando de nadie, estamos haciendo nuestro mejor esfuerzo para conseguir el\npasaje y que este no se contagie con el virus\u201d, dijo uno de los manifestantes.<\/p>\n\n\n\n<p>Mientras que\ntaxistas de Telixtlahuaca exigieron que la autoridad tome cartas en el asunto\nde lo contrario que se deje de lado el decreto y se trabaje de forma normal,\naunque esto implique violar las medidas sanitarias interpuestas para evitar el\ncontagio por Covid-19.<\/p>\n\n\n\n<p>Explic\u00f3 que\nse ha dado cumplimiento con la sanitizaci\u00f3n de sus unidades y se ha respetado\nla reducci\u00f3n de cupo conforme al decreto del gobernador, sin embargo, las\nmedidas no son parejas para todo el transporte p\u00fablico.<\/p>\n\n\n\n<p>\u201cLo \u00fanico\nque queremos es que se instale un filtro a partir de las cuatro de la ma\u00f1ana\nque inicia el flujo de transporte, respet\u00e1ndose el cupo de pasajeros que deben\nde traer los taxis y las Urvan y si no se va a respetar que nos dejen trabajar\ncomo siempre, sin problema\u201d, concluy\u00f3 un trabajador del volante<\/p>\n","protected":false},"excerpt":{"rendered":"<p>Evlin Arag\u00f3n\/Zona Roja. Oaxaca de Ju\u00e1rez, Oax., 28 de abril de 2020.- Ante la desatenci\u00f3n&hellip;<\/p>\n","protected":false},"author":2,"featured_media":11707,"comment_status":"closed","ping_status":"open","sticky":false,"template":"","format":"standard","meta":{"_lmt_disableupdate":"","_lmt_disable":"","_jetpack_memberships_contains_paid_content":false,"footnotes":""},"categories":[109,47],"tags":[],"class_list":["post-11706","post","type-post","status-publish","format-standard","has-post-thumbnail","hentry","category-minuto-a-minuto","category-zona-gris"],"jetpack_featured_media_url":"https:\/\/zonaroja.com.mx\/wp-content\/uploads\/2020\/04\/PHOTO-2020-04-28-08-43-47.jpg","jetpack_sharing_enabled":true,"_links":{"self":[{"href":"https:\/\/zonaroja.com.mx\/index.php?rest_route=\/wp\/v2\/posts\/11706","targetHints":{"allow":["GET"]}}],"collection":[{"href":"https:\/\/zonaroja.com.mx\/index.php?rest_route=\/wp\/v2\/posts"}],"about":[{"href":"https:\/\/zonaroja.com.mx\/index.php?rest_route=\/wp\/v2\/types\/post"}],"author":[{"embeddable":true,"href":"https:\/\/zonaroja.com.mx\/index.php?rest_route=\/wp\/v2\/users\/2"}],"replies":[{"embeddable":true,"href":"https:\/\/zonaroja.com.mx\/index.php?rest_route=%2Fwp%2Fv2%2Fcomments&post=11706"}],"version-history":[{"count":1,"href":"https:\/\/zonaroja.com.mx\/index.php?rest_route=\/wp\/v2\/posts\/11706\/revisions"}],"predecessor-version":[{"id":11708,"href":"https:\/\/zonaroja.com.mx\/index.php?rest_route=\/wp\/v2\/posts\/11706\/revisions\/11708"}],"wp:featuredmedia":[{"embeddable":true,"href":"https:\/\/zonaroja.com.mx\/index.php?rest_route=\/wp\/v2\/media\/11707"}],"wp:attachment":[{"href":"https:\/\/zonaroja.com.mx\/index.php?rest_route=%2Fwp%2Fv2%2Fmedia&parent=11706"}],"wp:term":[{"taxonomy":"category","embeddable":true,"href":"https:\/\/zonaroja.com.mx\/index.php?rest_route=%2Fwp%2Fv2%2Fcategories&post=11706"},{"taxonomy":"post_tag","embeddable":true,"href":"https:\/\/zonaroja.com.mx\/index.php?rest_route=%2Fwp%2Fv2%2Ftags&post=11706"}],"curies":[{"name":"wp","href":"https:\/\/api.w.org\/{rel}","templated":true}]}}