{"id":11709,"date":"2020-04-28T12:26:55","date_gmt":"2020-04-28T17:26:55","guid":{"rendered":"http:\/\/www.zonaroja.com.mx\/?p=11709"},"modified":"2020-04-28T12:27:00","modified_gmt":"2020-04-28T17:27:00","slug":"crisis-sanitaria-pone-en-riesgo-28-millones-de-empleos-oxfam","status":"publish","type":"post","link":"https:\/\/zonaroja.com.mx\/?p=11709","title":{"rendered":"Crisis sanitaria pone en riesgo 28 millones de empleos: Oxfam"},"content":{"rendered":"\n<p>Redacci\u00f3n\/Zona\nRoja.<\/p>\n\n\n\n<p>Oaxaca de\nJu\u00e1rez, Oax., 28 de abril de 2020.- Las condiciones impuestas por la emergencia\nsanitaria debido al Covid-19 y el cierre de actividades que no se consideran\nesenciales, amenazan el trabajo de 28 millones de personas, alrededor de 47 por\nciento de la poblaci\u00f3n econ\u00f3micamente activa (PEA), advirti\u00f3 ayer Oxfam M\u00e9xico.<\/p>\n\n\n\n<p>De acuerdo\ncon informaci\u00f3n del diario \u201cLa Jornada\u201d, tres millones de compa\u00f1\u00edas, que\ngeneran una derrama de 1.2 billones de pesos al a\u00f1o en remuneraciones, estar\u00edan\nafectadas por la ca\u00edda de la actividad econ\u00f3mica, debido a que no se cuentan\nentre los sectores estrat\u00e9gicos decretados por la Secretar\u00eda de Salud, agreg\u00f3\nla organizaci\u00f3n.<\/p>\n\n\n\n<p>D\u00e9cadas de\nabandono del sistema de salud, los elevados niveles de pobreza y la\npersistencia de la desigualdad han convertido la emergencia causada por la\nenfermedad Covid-19 en tres crisis simult\u00e1neas: sanitaria, econ\u00f3mica y social,\nque amenazan con encarnizarse entre la poblaci\u00f3n m\u00e1s pobre, donde se prev\u00e9 que\nhabr\u00e1 una baja de ingresos con una magnitud no vista desde 1995, apunt\u00f3.<\/p>\n\n\n\n<p>Esta crisis\ndesnuda y potencia las desigualdades estructurales que los gobiernos de M\u00e9xico\nno han podido resolver: la mitad del pa\u00eds no tiene seguridad social, cuatro de\ncada 10 personas viven con ingresos laborales que resultan insuficientes para\nsatisfacer sus necesidades alimentarias b\u00e1sicas, a\u00f1ade la informaci\u00f3n de \u201cLa\nJornada\u201d. <\/p>\n\n\n\n<p>\u201cTenemos el\nsistema tributario que menos recauda entre las naciones de la OCDE\n(Organizaci\u00f3n para la Cooperaci\u00f3n y el Desarrollo Econ\u00f3micos), y nuestro\nsistema sanitario se encuentra segmentado y sin recursos\u201d, subray\u00f3 la Oxfam.<\/p>\n\n\n\n<p>La\norganizaci\u00f3n detall\u00f3 que es necesario proteger a los trabajadores con seguridad\nsocial mediante un subsidio que costar\u00eda entre 115 mil y 326.5 mil millones de\npesos, apoyo directo a personas sin seguridad social, al menos 37.4 mil\nmillones m\u00e1s, con el fin de apoyar a los sectores que en primer lugar se ver\u00e1n\nafectados por el Covid-19.<\/p>\n\n\n\n<p>MENOR\nDESEMPLEO<\/p>\n\n\n\n<p>Contrario a\nla tendencia en desempleo reconocida por el propio gobierno federal en el\ncontexto de la emergencia sanitaria por la pandemia, el Instituto Nacional de\nEstad\u00edstica y Geograf\u00eda (Inegi) report\u00f3 que en marzo pasado hubo un menor\ndesempleo entre la poblaci\u00f3n mexicana, pero tambi\u00e9n una baja en el n\u00famero de\npersonas que buscan ocuparse.<\/p>\n\n\n\n<p>En un marco\nde menor participaci\u00f3n laboral \u2013que pas\u00f3 de 60.5 por ciento de la poblaci\u00f3n\nmayor de 15 a\u00f1os en febrero a 60.1 por ciento en marzo\u2013 se dio una disminuci\u00f3n\nen la tasa de desocupaci\u00f3n de 3.7 por ciento de la poblaci\u00f3n econ\u00f3micamente\nactiva (PEA) en febrero a 3.3 por ciento en marzo, resumi\u00f3 en una publicaci\u00f3n\nJulio Santaella, presidente del organismo, seg\u00fan a\u00f1ade la informaci\u00f3n de \u201cLa\nJornada\u201d.<\/p>\n\n\n\n<p>IMSS REPORTA\nP\u00c9RDIDAS<\/p>\n\n\n\n<p>Las cifras\nson para marzo, cuando comenz\u00f3 la Jornada Nacional de Sana Distancia, el d\u00eda\n23. Ese hecho implic\u00f3 el confinamiento de trabajadores cuya actividad no se\nconsidera esencial. Para el registro del mismo mes, el Instituto Mexicano del\nSeguro Social report\u00f3 la p\u00e9rdida de 130 mil 593 empleos.<\/p>\n\n\n\n<p>Con la baja\nde la PEA y la desocupaci\u00f3n, la informalidad rest\u00f3 0.4 por ciento respecto del\nmes inmediato anterior y 1.2 por ciento a tasa anual. Con ello, 55.8 por ciento\nde quienes trabajan lo hacen en esa condici\u00f3n, report\u00f3 el Inegi.<\/p>\n\n\n\n<p>Mientras, la\nsubocupaci\u00f3n \u2013que agrupa a quienes tienen necesidad y tiempo para trabajar m\u00e1s\nfrente a lo que su empleo les ocupa\u2013 aument\u00f3 0.1 y 2.2 por ciento,\nrespectivamente. La tasa se ubic\u00f3 en 9.3 por ciento, su mayor nivel en m\u00e1s de\ncuatro a\u00f1os.<\/p>\n","protected":false},"excerpt":{"rendered":"<p>Redacci\u00f3n\/Zona Roja. Oaxaca de Ju\u00e1rez, Oax., 28 de abril de 2020.- Las condiciones impuestas por&hellip;<\/p>\n","protected":false},"author":2,"featured_media":11710,"comment_status":"closed","ping_status":"open","sticky":false,"template":"","format":"standard","meta":{"_lmt_disableupdate":"","_lmt_disable":"","_jetpack_memberships_contains_paid_content":false,"footnotes":""},"categories":[109,47],"tags":[1510],"class_list":["post-11709","post","type-post","status-publish","format-standard","has-post-thumbnail","hentry","category-minuto-a-minuto","category-zona-gris","tag-coronavirus-pandemia-global"],"jetpack_featured_media_url":"https:\/\/zonaroja.com.mx\/wp-content\/uploads\/2020\/04\/crisis-economica-coronavirus.jpg","jetpack_sharing_enabled":true,"_links":{"self":[{"href":"https:\/\/zonaroja.com.mx\/index.php?rest_route=\/wp\/v2\/posts\/11709","targetHints":{"allow":["GET"]}}],"collection":[{"href":"https:\/\/zonaroja.com.mx\/index.php?rest_route=\/wp\/v2\/posts"}],"about":[{"href":"https:\/\/zonaroja.com.mx\/index.php?rest_route=\/wp\/v2\/types\/post"}],"author":[{"embeddable":true,"href":"https:\/\/zonaroja.com.mx\/index.php?rest_route=\/wp\/v2\/users\/2"}],"replies":[{"embeddable":true,"href":"https:\/\/zonaroja.com.mx\/index.php?rest_route=%2Fwp%2Fv2%2Fcomments&post=11709"}],"version-history":[{"count":1,"href":"https:\/\/zonaroja.com.mx\/index.php?rest_route=\/wp\/v2\/posts\/11709\/revisions"}],"predecessor-version":[{"id":11711,"href":"https:\/\/zonaroja.com.mx\/index.php?rest_route=\/wp\/v2\/posts\/11709\/revisions\/11711"}],"wp:featuredmedia":[{"embeddable":true,"href":"https:\/\/zonaroja.com.mx\/index.php?rest_route=\/wp\/v2\/media\/11710"}],"wp:attachment":[{"href":"https:\/\/zonaroja.com.mx\/index.php?rest_route=%2Fwp%2Fv2%2Fmedia&parent=11709"}],"wp:term":[{"taxonomy":"category","embeddable":true,"href":"https:\/\/zonaroja.com.mx\/index.php?rest_route=%2Fwp%2Fv2%2Fcategories&post=11709"},{"taxonomy":"post_tag","embeddable":true,"href":"https:\/\/zonaroja.com.mx\/index.php?rest_route=%2Fwp%2Fv2%2Ftags&post=11709"}],"curies":[{"name":"wp","href":"https:\/\/api.w.org\/{rel}","templated":true}]}}