{"id":11716,"date":"2020-04-28T16:43:08","date_gmt":"2020-04-28T21:43:08","guid":{"rendered":"http:\/\/www.zonaroja.com.mx\/?p=11716"},"modified":"2020-04-28T16:43:11","modified_gmt":"2020-04-28T21:43:11","slug":"acusan-a-edil-de-suchilquitongo-de-intento-de-homicidio-contra-una-mujer","status":"publish","type":"post","link":"https:\/\/zonaroja.com.mx\/?p=11716","title":{"rendered":"Acusan a edil de Suchilquitongo de intento de homicidio contra una mujer"},"content":{"rendered":"\n<p>Yuridiana\nSosa\/Zona Roja.<\/p>\n\n\n\n<p>Oaxaca de\nJu\u00e1rez, Oax., 28 de abril de 2020.- Fidelina Maril\u00fa Bola\u00f1os Cruz, trabajadora\ndel ayuntamiento de Santiago Suchilquitongo, en la regi\u00f3n de Valles Centrales\nde Oaxaca, denunci\u00f3 el intento de asesinato en su contra por parte del edil de\nsu comunidad, Julio C\u00e9sar Rodr\u00edguez L\u00f3pez.<\/p>\n\n\n\n<p>La mujer\nindic\u00f3 que posterior a que particip\u00f3 en la denuncia p\u00fablica contra el\npresidente municipal por probable desv\u00edo de recursos, ha sido v\u00edctima de\namenazas de muerte, as\u00ed como de actos intimidatorios para que desista de sus\nse\u00f1alamientos.<\/p>\n\n\n\n<p>Inform\u00f3 que\nla madrugada del pasado 19 de abril, un grupo armado dispar\u00f3 contra su casa, de\nforma particular en su recamara, pero que por circunstancias particulares esa\nnoche afortunadamente se encontraba en otra habitaci\u00f3n, lo que la libr\u00f3 del\nataque.<\/p>\n\n\n\n<p>As\u00ed lo se\u00f1al\u00f3\nBola\u00f1os Cruz en conferencia de prensa este martes afuera de Palacio de Gobierno,\nen la capital, hasta donde acudi\u00f3 para pedir una audiencia con el Gobernador\ndel Estado, Alejandro Murat, ante el peligro que corre su vida.<\/p>\n\n\n\n<p>Pues hasta\nel momento ninguna de las 13 carpetas de investigaci\u00f3n que, dijo, la Fiscal\u00eda\nGeneral del Estado ha iniciado por estos delitos, cuenta con avances, mientras\nque la Secretar\u00eda General de Gobierno tambi\u00e9n se ha resistido a atender el\nproblema de inconformidad que existe en el municipio y por su caso particular.<\/p>\n\n\n\n<p>La mujer\nexpres\u00f3 que teme por su vida, por lo que responsabiliz\u00f3 de cualquier da\u00f1o que\nreciba o su familia, al edil Rodr\u00edguez L\u00f3pez.<\/p>\n\n\n\n<p>El\npresidente municipal, apunt\u00f3, presume de tener fuertes influencias en el\ngobierno estatal y federal para que no procedan auditor\u00edas contra su gesti\u00f3n,\nde la que su propio Cabildo se qued\u00f3 en febrero de este a\u00f1o en conferencia de\nprensa.<\/p>\n\n\n\n<p>Desde esa\nfecha han presentado una serie de denuncias. pero ninguna ha prosperado, indic\u00f3\nla mujer, acompa\u00f1ada de otro ciudadano de Suchilquitongo.<\/p>\n","protected":false},"excerpt":{"rendered":"<p>Yuridiana Sosa\/Zona Roja. Oaxaca de Ju\u00e1rez, Oax., 28 de abril de 2020.- Fidelina Maril\u00fa Bola\u00f1os&hellip;<\/p>\n","protected":false},"author":2,"featured_media":11717,"comment_status":"closed","ping_status":"open","sticky":false,"template":"","format":"standard","meta":{"_lmt_disableupdate":"","_lmt_disable":"","_jetpack_memberships_contains_paid_content":false,"footnotes":""},"categories":[109,47],"tags":[1364],"class_list":["post-11716","post","type-post","status-publish","format-standard","has-post-thumbnail","hentry","category-minuto-a-minuto","category-zona-gris","tag-santiago-suchilquitongo"],"jetpack_featured_media_url":"https:\/\/zonaroja.com.mx\/wp-content\/uploads\/2020\/04\/V\u00edctima-Suchilquitongo.jpg","jetpack_sharing_enabled":true,"_links":{"self":[{"href":"https:\/\/zonaroja.com.mx\/index.php?rest_route=\/wp\/v2\/posts\/11716","targetHints":{"allow":["GET"]}}],"collection":[{"href":"https:\/\/zonaroja.com.mx\/index.php?rest_route=\/wp\/v2\/posts"}],"about":[{"href":"https:\/\/zonaroja.com.mx\/index.php?rest_route=\/wp\/v2\/types\/post"}],"author":[{"embeddable":true,"href":"https:\/\/zonaroja.com.mx\/index.php?rest_route=\/wp\/v2\/users\/2"}],"replies":[{"embeddable":true,"href":"https:\/\/zonaroja.com.mx\/index.php?rest_route=%2Fwp%2Fv2%2Fcomments&post=11716"}],"version-history":[{"count":1,"href":"https:\/\/zonaroja.com.mx\/index.php?rest_route=\/wp\/v2\/posts\/11716\/revisions"}],"predecessor-version":[{"id":11718,"href":"https:\/\/zonaroja.com.mx\/index.php?rest_route=\/wp\/v2\/posts\/11716\/revisions\/11718"}],"wp:featuredmedia":[{"embeddable":true,"href":"https:\/\/zonaroja.com.mx\/index.php?rest_route=\/wp\/v2\/media\/11717"}],"wp:attachment":[{"href":"https:\/\/zonaroja.com.mx\/index.php?rest_route=%2Fwp%2Fv2%2Fmedia&parent=11716"}],"wp:term":[{"taxonomy":"category","embeddable":true,"href":"https:\/\/zonaroja.com.mx\/index.php?rest_route=%2Fwp%2Fv2%2Fcategories&post=11716"},{"taxonomy":"post_tag","embeddable":true,"href":"https:\/\/zonaroja.com.mx\/index.php?rest_route=%2Fwp%2Fv2%2Ftags&post=11716"}],"curies":[{"name":"wp","href":"https:\/\/api.w.org\/{rel}","templated":true}]}}