{"id":11719,"date":"2020-04-28T18:35:40","date_gmt":"2020-04-28T23:35:40","guid":{"rendered":"http:\/\/www.zonaroja.com.mx\/?p=11719"},"modified":"2020-04-28T18:37:03","modified_gmt":"2020-04-28T23:37:03","slug":"elementos-de-la-aei-denuncian-irregularidades-en-la-fiscalia-general","status":"publish","type":"post","link":"https:\/\/zonaroja.com.mx\/?p=11719","title":{"rendered":"Elementos de la AEI denuncian irregularidades en la Fiscal\u00eda General"},"content":{"rendered":"\n<p>Redacci\u00f3n\/Zona\nRoja.<\/p>\n\n\n\n<p>Oaxaca de\nJu\u00e1rez, Oax., 28 de abril de 2020.- Integrantes de la Agencia Estatal de\nInvestigaci\u00f3n (AEI) de Oaxaca denunciaron una serie de irregularidades\noperativas, probables actos de corrupci\u00f3n y relaciones de algunos funcionarios\nde la Fiscal\u00eda General del Estado con el crimen organizado, por lo que\nexigieron la intervenci\u00f3n del presidente Andr\u00e9s Manuel L\u00f3pez Obrador.<\/p>\n\n\n\n<p>A trav\u00e9s de\nuna carta abierta, los elementos dependientes de esa instancia de procuraci\u00f3n\nde justicia demandaron al mandatario mexicano una auditor\u00eda de los recursos\nfederales, ante las carencias de equipos de trabajo desde hace varios a\u00f1os.<\/p>\n\n\n\n<p>Expusieron\nque en la corporaci\u00f3n no cuentan con equipo operativo policial, por lo que\nrealizan los cateos sin escudo bal\u00edstico, herramientas de trabajo para\ncomprobar las investigaciones, levantamiento de evidencias en la escena de un\ncrimen, as\u00ed como carecen de equipos de radiocomunicaci\u00f3n y hasta de papeler\u00eda.\n\u201cAqu\u00ed tenemos a\u00f1os sin contar con esa ayuda\u201d.<\/p>\n\n\n\n<p>Pero adem\u00e1s, exhibieron que realizan cateos sin fundamentos, instruidos por el coordinador Jos\u00e9 Alfredo \u00c1lvarez y el comandante Marcos Porras Alderete, pues \u201cnunca localizan nada\u201d en los domicilios, ni objetos buscados y s\u00f3lo se causan da\u00f1os a las propiedades; lo que tambi\u00e9n representa un desgaste para los elementos.<\/p>\n\n\n\n<figure class=\"wp-block-embed-twitter wp-block-embed is-type-rich is-provider-twitter\"><div class=\"wp-block-embed__wrapper\">\n<div class=\"twitter-tweet\"><blockquote class=\"twitter-tweet\" data-lang=\"es\"><p lang=\"es\" dir=\"ltr\"><a href=\"https:\/\/twitter.com\/hashtag\/OaxacaGris?src=hash&amp;ref_src=twsrc%5Etfw\">#OaxacaGris<\/a><br>Difunden documentos presuntamente de elementos de la <a href=\"https:\/\/twitter.com\/AEI_Oaxaca?ref_src=twsrc%5Etfw\">@AEI_Oaxaca<\/a>, que denuncian diversas irregularidades en la <a href=\"https:\/\/twitter.com\/FISCALIA_GobOax?ref_src=twsrc%5Etfw\">@FISCALIA_GobOax<\/a>. <a href=\"https:\/\/t.co\/e1WnnC63gl\">pic.twitter.com\/e1WnnC63gl<\/a><\/p>&mdash; Zona Roja Oaxaca (@MexRoja) <a href=\"https:\/\/twitter.com\/MexRoja\/status\/1255276755868409856?ref_src=twsrc%5Etfw\">28 de abril de 2020<\/a><\/blockquote><\/div>\n<\/div><\/figure>\n\n\n\n<p>Por lo que\ntambi\u00e9n exigieron el cese inmediato del coordinador general de la AEI por pedir\na los elementos \u201ccuotas\u201d relacionadas al crimen y dar de baja a quienes no las\ncumplieron o cataron sus \u00f3rdenes, con la justificaci\u00f3n de no aprobar el examen\nde Control y Confianza. Raz\u00f3n por la que pidieron sus recontrataciones.<\/p>\n\n\n\n<p>De esta\nforma, demandaron una investigaci\u00f3n por supuesto enriquecimiento il\u00edcito del fiscal\nGeneral Rub\u00e9n Vasconcelos y del coordinador Alfredo \u00c1lvarez.<\/p>\n\n\n\n<p>En su\nescrito tambi\u00e9n dirigido al secretario de Seguridad y Protecci\u00f3n Ciudadana,\nAlfonso Durazo, y al gobernador Alejandro Murat, denunciaron acoso sexual por\nparte del comandante Te\u00f3filo D\u00edaz Carmona a mujeres integrantes de la AEI y por\nquienes no existe justicia en sus casos.<\/p>\n\n\n\n<p>As\u00ed mismo,\ndemandaron pensiones conforme al riesgo laboral con incremento al salario, el\ncual no ha tenido mejoras significativas en 15 a\u00f1os, indicaron.<\/p>\n\n\n\n<p>Los agentes\nalzaron la voz tras las constantes irregularidades que viven actualmente dentro\nde la corporaci\u00f3n al mando de Rub\u00e9n Vasconcelos.<\/p>\n","protected":false},"excerpt":{"rendered":"<p>Redacci\u00f3n\/Zona Roja. Oaxaca de Ju\u00e1rez, Oax., 28 de abril de 2020.- Integrantes de la Agencia&hellip;<\/p>\n","protected":false},"author":2,"featured_media":11720,"comment_status":"closed","ping_status":"open","sticky":false,"template":"","format":"standard","meta":{"_lmt_disableupdate":"","_lmt_disable":"","_jetpack_memberships_contains_paid_content":false,"footnotes":""},"categories":[109,47],"tags":[494],"class_list":["post-11719","post","type-post","status-publish","format-standard","has-post-thumbnail","hentry","category-minuto-a-minuto","category-zona-gris","tag-fiscalia-general-del-estado-de-oaxaca"],"jetpack_featured_media_url":"https:\/\/zonaroja.com.mx\/wp-content\/uploads\/2020\/04\/PHOTO-2020-04-28-18-31-20.jpg","jetpack_sharing_enabled":true,"_links":{"self":[{"href":"https:\/\/zonaroja.com.mx\/index.php?rest_route=\/wp\/v2\/posts\/11719","targetHints":{"allow":["GET"]}}],"collection":[{"href":"https:\/\/zonaroja.com.mx\/index.php?rest_route=\/wp\/v2\/posts"}],"about":[{"href":"https:\/\/zonaroja.com.mx\/index.php?rest_route=\/wp\/v2\/types\/post"}],"author":[{"embeddable":true,"href":"https:\/\/zonaroja.com.mx\/index.php?rest_route=\/wp\/v2\/users\/2"}],"replies":[{"embeddable":true,"href":"https:\/\/zonaroja.com.mx\/index.php?rest_route=%2Fwp%2Fv2%2Fcomments&post=11719"}],"version-history":[{"count":3,"href":"https:\/\/zonaroja.com.mx\/index.php?rest_route=\/wp\/v2\/posts\/11719\/revisions"}],"predecessor-version":[{"id":11723,"href":"https:\/\/zonaroja.com.mx\/index.php?rest_route=\/wp\/v2\/posts\/11719\/revisions\/11723"}],"wp:featuredmedia":[{"embeddable":true,"href":"https:\/\/zonaroja.com.mx\/index.php?rest_route=\/wp\/v2\/media\/11720"}],"wp:attachment":[{"href":"https:\/\/zonaroja.com.mx\/index.php?rest_route=%2Fwp%2Fv2%2Fmedia&parent=11719"}],"wp:term":[{"taxonomy":"category","embeddable":true,"href":"https:\/\/zonaroja.com.mx\/index.php?rest_route=%2Fwp%2Fv2%2Fcategories&post=11719"},{"taxonomy":"post_tag","embeddable":true,"href":"https:\/\/zonaroja.com.mx\/index.php?rest_route=%2Fwp%2Fv2%2Ftags&post=11719"}],"curies":[{"name":"wp","href":"https:\/\/api.w.org\/{rel}","templated":true}]}}