{"id":11724,"date":"2020-04-28T20:48:03","date_gmt":"2020-04-29T01:48:03","guid":{"rendered":"http:\/\/www.zonaroja.com.mx\/?p=11724"},"modified":"2020-04-28T20:48:05","modified_gmt":"2020-04-29T01:48:05","slug":"nancy-ortiz-solo-busca-como-me-va-a-chingar-dice-servidor-de-la-nacion","status":"publish","type":"post","link":"https:\/\/zonaroja.com.mx\/?p=11724","title":{"rendered":"\u201cNancy Ortiz s\u00f3lo busca como me va a chingar\u201d, dice \u201cServidor de la Naci\u00f3n\u201d"},"content":{"rendered":"\n<p>Evlin\nArag\u00f3n\/<\/p>\n\n\n\n<p>Por segunda\nocasi\u00f3n, Roberto Alain Vel\u00e1squez Nocedal, adscrito como \u201cServidor de la Naci\u00f3n\u201d,\ncuestion\u00f3 p\u00fablicamente el actuar de la delegada en Oaxaca de los programas\nfederales, Nancy Ortiz Cabrera, que en esta ocasi\u00f3n lo intimid\u00f3 hasta en su\ndomicilio, debido a las declaraciones previas que hicieran el fin de semana, en\nlas que hizo referencia de irregularidades al interior del \u00e1rea federal.<\/p>\n\n\n\n<p>A trav\u00e9s de\nun video publicado en su perfil de Facebook, explica que por medio de un\ndocumento fue citado a comparecer el pr\u00f3ximo 4 de mayo, en donde se le\nlevantar\u00e1n actas administrativas por utilizar la playera con el escudo nacional\ny el logotipo de Bienestar, as\u00ed como por hacer referencia del Presidente de la\nRep\u00fablica, Andr\u00e9s Manuel L\u00f3pez Obrador, en un video previo donde denuncia\nirregularidades en la entrega de apoyos.<\/p>\n\n\n\n<p>De acuerdo\ncon el joven, la delegada Nancy Ortiz est\u00e1 m\u00e1s concentrada en perseguir a sus\ndetractores que en ocupar su tiempo para averiguar en d\u00f3nde se est\u00e1n\nregistrando las irregularidades para poderlas resolver, ello en beneficio de la\npoblaci\u00f3n m\u00e1s vulnerable que est\u00e1 vi\u00e9ndose afectada en estos momentos de\ncontingencia sanitaria.<\/p>\n\n\n\n<p>\u201cPor eso la\ngente cuando va a las oficinas de Bienestar, los hacen dar vueltas y vueltas y\nnunca les resuelven nada, es porque la que est\u00e1 a la cabeza de esta delegaci\u00f3n\nest\u00e1 ocupada en otras cosas y estoy seguro que ahorita nada m\u00e1s est\u00e1 pensando\nc\u00f3mo me va a chingar\u201d, dijo el todav\u00eda \u201cServidor de la Naci\u00f3n\u201d.<\/p>\n\n\n\n<p>De acuerdo\ncon Vel\u00e1squez Nocedal, los tiempos actuales ya no est\u00e1n para soportar que\npol\u00edticos con viejas pr\u00e1cticas est\u00e9n al frente de dependencias que deber\u00edan\nponderar el sentido humano, al estar en contacto con la poblaci\u00f3n m\u00e1s\nvulnerable, haciendo referencia al p\u00e9simo comportamiento de Nancy Ortiz.<\/p>\n\n\n\n<p>\u201cLos\npol\u00edticos que est\u00e1n hechos con el viejo molde, acostumbrados a mandar a base de\nterror, ya deber\u00edan jubilarse. Ya no estamos para eso, ya son otros tiempos.\nLos ciudadanos merecen mejores funcionarios, no esto\u201d, refiri\u00f3<\/p>\n\n\n\n<p>Finalmente,\ny dado que la notificaci\u00f3n lleg\u00f3 hasta su domicilio, responsabilizo a la\ntitular de los programas sociales federales en Oaxaca de cualquier cosa que le\npueda pasar a \u00e9l o su familia, a la par que pidi\u00f3 a sus compa\u00f1eros servidores estar\nal pendiente de cualquier irregularidad que pueda presentarse en la\ndependencia.<\/p>\n\n\n\n<p>\u201cAprovecho\npara hacer responsable a Nancy Ortiz Cabrera de cualquier cosa que me pueda\nllegar a pasar y tambi\u00e9n compa\u00f1eros servidores si pueden compartan este video, para\nque adem\u00e1s sepan que ya no podemos utilizar este uniforme, ya que les pueden\nlevantar actas administrativas\u201d, dijo.<\/p>\n\n\n\n<p>Apenas este\nfin de semana, Roberto denunci\u00f3 irregularidades y malos tratos por parte de\nNancy Ortiz Cabrera, a quien la responsabiliz\u00f3 del probable contagio de adultos\nmayores por Covid-19, debido a que, por mala organizaci\u00f3n , expuso a las\npersonas por una semana a hacer largas filas en los bancos e incluso hacerlos\npernoctar para cobrar sus apoyos de programas sociales.<\/p>\n\n\n\n<p>As\u00ed mismo,\nevidenci\u00f3 irregularidades en la entrega de becas a \u201cMadres trabajadoras\u201d,\ntestimonio que fue respaldado por un polic\u00eda comunitario de Tlalixtac de\nCabrera, el viernes pasado.<\/p>\n","protected":false},"excerpt":{"rendered":"<p>Evlin Arag\u00f3n\/ Por segunda ocasi\u00f3n, Roberto Alain Vel\u00e1squez Nocedal, adscrito como \u201cServidor de la Naci\u00f3n\u201d,&hellip;<\/p>\n","protected":false},"author":2,"featured_media":11725,"comment_status":"closed","ping_status":"open","sticky":false,"template":"","format":"standard","meta":{"_lmt_disableupdate":"","_lmt_disable":"","_jetpack_memberships_contains_paid_content":false,"footnotes":""},"categories":[109,47],"tags":[272],"class_list":["post-11724","post","type-post","status-publish","format-standard","has-post-thumbnail","hentry","category-minuto-a-minuto","category-zona-gris","tag-nancy-ortiz-cabrera"],"jetpack_featured_media_url":"https:\/\/zonaroja.com.mx\/wp-content\/uploads\/2020\/04\/IMG_6371.jpg","jetpack_sharing_enabled":true,"_links":{"self":[{"href":"https:\/\/zonaroja.com.mx\/index.php?rest_route=\/wp\/v2\/posts\/11724","targetHints":{"allow":["GET"]}}],"collection":[{"href":"https:\/\/zonaroja.com.mx\/index.php?rest_route=\/wp\/v2\/posts"}],"about":[{"href":"https:\/\/zonaroja.com.mx\/index.php?rest_route=\/wp\/v2\/types\/post"}],"author":[{"embeddable":true,"href":"https:\/\/zonaroja.com.mx\/index.php?rest_route=\/wp\/v2\/users\/2"}],"replies":[{"embeddable":true,"href":"https:\/\/zonaroja.com.mx\/index.php?rest_route=%2Fwp%2Fv2%2Fcomments&post=11724"}],"version-history":[{"count":1,"href":"https:\/\/zonaroja.com.mx\/index.php?rest_route=\/wp\/v2\/posts\/11724\/revisions"}],"predecessor-version":[{"id":11726,"href":"https:\/\/zonaroja.com.mx\/index.php?rest_route=\/wp\/v2\/posts\/11724\/revisions\/11726"}],"wp:featuredmedia":[{"embeddable":true,"href":"https:\/\/zonaroja.com.mx\/index.php?rest_route=\/wp\/v2\/media\/11725"}],"wp:attachment":[{"href":"https:\/\/zonaroja.com.mx\/index.php?rest_route=%2Fwp%2Fv2%2Fmedia&parent=11724"}],"wp:term":[{"taxonomy":"category","embeddable":true,"href":"https:\/\/zonaroja.com.mx\/index.php?rest_route=%2Fwp%2Fv2%2Fcategories&post=11724"},{"taxonomy":"post_tag","embeddable":true,"href":"https:\/\/zonaroja.com.mx\/index.php?rest_route=%2Fwp%2Fv2%2Ftags&post=11724"}],"curies":[{"name":"wp","href":"https:\/\/api.w.org\/{rel}","templated":true}]}}