{"id":11728,"date":"2020-04-28T23:03:00","date_gmt":"2020-04-29T04:03:00","guid":{"rendered":"https:\/\/www.zonaroja.com.mx\/?p=11728"},"modified":"2020-04-28T23:03:02","modified_gmt":"2020-04-29T04:03:02","slug":"en-24-horas-registra-oaxaca-cuatro-nuevos-casos-positivos-de-covid-19-y-dos-fallecimientos","status":"publish","type":"post","link":"https:\/\/zonaroja.com.mx\/?p=11728","title":{"rendered":"En 24 horas, registra Oaxaca cuatro nuevos casos positivos de Covid-19 y dos fallecimientos"},"content":{"rendered":"\n<p>Redacci\u00f3n\/Zona Roja.<\/p>\n\n\n\n<p>Oaxaca de Ju\u00e1rez, Oax. 28 de abril de 2020.Los Servicios de Salud de Oaxaca informaron que hasta este martes 28 de abril, en la entidad se tienen121 casos confirmados, as\u00ed como dos nuevas defunciones, con lo que suman 17 fallecimientos en la entidad.<\/p>\n\n\n\n<p><a href=\"\/\/2\">Sobre los dos<\/a>&nbsp;decesos, la dependencia se\u00f1al\u00f3 que se trata de una mujer de 80 a\u00f1os de edad, que padec\u00eda obesidad; as\u00ed como de un hombre de 92 a\u00f1os que ten\u00eda diabetes tipo II y una enfermedad pulmonar obstructiva cr\u00f3nica.<\/p>\n\n\n\n<p>Asever\u00f3 que por Jurisdicci\u00f3n Sanitaria, 66 casos se han presentado en los Valles Centrales, 23 en la Mixteca, 16 en Tuxtepec, 10 en la Costa, cinco en el Istmo y uno en la Sierra Norte.<\/p>\n\n\n\n<p>Detall\u00f3 que de los 121 casos confirmados, 68 son mujeres y 53 son hombres; asimismo expres\u00f3 que 74 pacientes han sido atendidos por los SSO, 28 por el Instituto Mexicano del Seguro Social (IMSS), nueve por el Instituto de Seguridad y Servicios Sociales de los Trabajadores del Estado (ISSSTE), nueve por IMSS Oportunidades y uno por la Secretar\u00eda de la Defensa Nacional (Sedena).<\/p>\n","protected":false},"excerpt":{"rendered":"<p>Redacci\u00f3n\/Zona Roja. Oaxaca de Ju\u00e1rez, Oax. 28 de abril de 2020.Los Servicios de Salud de&hellip;<\/p>\n","protected":false},"author":2,"featured_media":11727,"comment_status":"closed","ping_status":"open","sticky":false,"template":"","format":"standard","meta":{"_lmt_disableupdate":"","_lmt_disable":"","_jetpack_memberships_contains_paid_content":false,"footnotes":""},"categories":[109,47],"tags":[1497],"class_list":["post-11728","post","type-post","status-publish","format-standard","has-post-thumbnail","hentry","category-minuto-a-minuto","category-zona-gris","tag-coronavirus-en-oaxaca"],"jetpack_featured_media_url":"https:\/\/zonaroja.com.mx\/wp-content\/uploads\/2020\/04\/4a688557-095d-4ed4-99b5-ca78f8aa0e42.jpg","jetpack_sharing_enabled":true,"_links":{"self":[{"href":"https:\/\/zonaroja.com.mx\/index.php?rest_route=\/wp\/v2\/posts\/11728","targetHints":{"allow":["GET"]}}],"collection":[{"href":"https:\/\/zonaroja.com.mx\/index.php?rest_route=\/wp\/v2\/posts"}],"about":[{"href":"https:\/\/zonaroja.com.mx\/index.php?rest_route=\/wp\/v2\/types\/post"}],"author":[{"embeddable":true,"href":"https:\/\/zonaroja.com.mx\/index.php?rest_route=\/wp\/v2\/users\/2"}],"replies":[{"embeddable":true,"href":"https:\/\/zonaroja.com.mx\/index.php?rest_route=%2Fwp%2Fv2%2Fcomments&post=11728"}],"version-history":[{"count":1,"href":"https:\/\/zonaroja.com.mx\/index.php?rest_route=\/wp\/v2\/posts\/11728\/revisions"}],"predecessor-version":[{"id":11729,"href":"https:\/\/zonaroja.com.mx\/index.php?rest_route=\/wp\/v2\/posts\/11728\/revisions\/11729"}],"wp:featuredmedia":[{"embeddable":true,"href":"https:\/\/zonaroja.com.mx\/index.php?rest_route=\/wp\/v2\/media\/11727"}],"wp:attachment":[{"href":"https:\/\/zonaroja.com.mx\/index.php?rest_route=%2Fwp%2Fv2%2Fmedia&parent=11728"}],"wp:term":[{"taxonomy":"category","embeddable":true,"href":"https:\/\/zonaroja.com.mx\/index.php?rest_route=%2Fwp%2Fv2%2Fcategories&post=11728"},{"taxonomy":"post_tag","embeddable":true,"href":"https:\/\/zonaroja.com.mx\/index.php?rest_route=%2Fwp%2Fv2%2Ftags&post=11728"}],"curies":[{"name":"wp","href":"https:\/\/api.w.org\/{rel}","templated":true}]}}