{"id":11730,"date":"2020-04-29T07:52:26","date_gmt":"2020-04-29T12:52:26","guid":{"rendered":"http:\/\/www.zonaroja.com.mx\/?p=11730"},"modified":"2020-04-29T07:52:29","modified_gmt":"2020-04-29T12:52:29","slug":"ejecutan-a-director-musical-en-pinotepa-hallan-embolsado-en-soyaltepec","status":"publish","type":"post","link":"https:\/\/zonaroja.com.mx\/?p=11730","title":{"rendered":"Ejecutan a director musical en Pinotepa; hallan embolsado en Soyaltepec"},"content":{"rendered":"\n<p>Ismael\nGarc\u00eda M.\/Zona Roja.<\/p>\n\n\n\n<p>Oaxaca de\nJu\u00e1rez, Oax., 29 de abril de 2020.- El mi\u00e9rcoles violento cerr\u00f3 en Oaxaca con\ntres cr\u00edmenes, todos perpetrados con disparos de armas de fuego.<\/p>\n\n\n\n<p>Anoche, en\nSantiago Pinotepa Nacional, fue ultimado a balazos el director del grupo\nmusical \u201cMar Azul\u201d, identificado como \u00c1ngel H., de 48 a\u00f1os de edad.<\/p>\n\n\n\n<p>El cad\u00e1ver\nfue localizado alrededor de las 22:00 horas de ayer en la calle 7 Oriente, casi\nesquina con 14 Sur del barrio El Zapote; hasta el momento no se tiene\nidentificado al o los autores del asesinato.<\/p>\n\n\n\n<p>Tambi\u00e9n\nanoche pero en la carretera Temascal-Las Granjas, l\u00edmites de Oaxaca con\nVeracruz, en territorio del municipio de San Miguel Soyaltepec, fueron hallados\nrestos humanos en una bolsa.<\/p>\n\n\n\n<p>Hasta el momento no se ha identificado a la v\u00edctima, que presenta huellas de tortura y violencia.<\/p>\n\n\n\n<figure class=\"wp-block-image\"><img decoding=\"async\" width=\"567\" height=\"413\" src=\"http:\/\/www.zonaroja.com.mx\/wp-content\/uploads\/2020\/04\/65154673-ecab-4821-b92e-9460d0267f47.jpg\" alt=\"\" class=\"wp-image-11732\" srcset=\"https:\/\/zonaroja.com.mx\/wp-content\/uploads\/2020\/04\/65154673-ecab-4821-b92e-9460d0267f47.jpg 567w, https:\/\/zonaroja.com.mx\/wp-content\/uploads\/2020\/04\/65154673-ecab-4821-b92e-9460d0267f47-300x219.jpg 300w\" sizes=\"(max-width: 567px) 100vw, 567px\" \/><\/figure>\n\n\n\n<p>IDENTIFICAN\nA CALCINADO<\/p>\n\n\n\n<p>Por otra\nparte, personal de la Vicefiscal\u00eda Regional del Istmo confirm\u00f3 la ejecuci\u00f3n de\nun individuo, ocurrido en el callej\u00f3n El Encanto de la S\u00e9ptima Secci\u00f3n de\nJuchit\u00e1n de Zaragoza.<\/p>\n\n\n\n<p>Identific\u00f3 a\nla v\u00edctima como Jos\u00e9 Tolentino, de aproximadamente 19 a\u00f1os de edad, quien un\nd\u00eda antes hab\u00eda sido reportado como desaparecido por parte de sus familiares;\nfue hallado ayer en la ma\u00f1ana atado de pies y manos, con signos de tortura,\ndisparos de arma de fuego y semicalcinado.<\/p>\n","protected":false},"excerpt":{"rendered":"<p>Ismael Garc\u00eda M.\/Zona Roja. Oaxaca de Ju\u00e1rez, Oax., 29 de abril de 2020.- El mi\u00e9rcoles&hellip;<\/p>\n","protected":false},"author":2,"featured_media":11731,"comment_status":"closed","ping_status":"open","sticky":false,"template":"","format":"standard","meta":{"_lmt_disableupdate":"","_lmt_disable":"","_jetpack_memberships_contains_paid_content":false,"footnotes":""},"categories":[109,51],"tags":[1564],"class_list":["post-11730","post","type-post","status-publish","format-standard","has-post-thumbnail","hentry","category-minuto-a-minuto","category-zona-roja","tag-asesinatos-oaxaca"],"jetpack_featured_media_url":"https:\/\/zonaroja.com.mx\/wp-content\/uploads\/2020\/04\/PHOTO-2020-04-29-07-42-48.jpg","jetpack_sharing_enabled":true,"_links":{"self":[{"href":"https:\/\/zonaroja.com.mx\/index.php?rest_route=\/wp\/v2\/posts\/11730","targetHints":{"allow":["GET"]}}],"collection":[{"href":"https:\/\/zonaroja.com.mx\/index.php?rest_route=\/wp\/v2\/posts"}],"about":[{"href":"https:\/\/zonaroja.com.mx\/index.php?rest_route=\/wp\/v2\/types\/post"}],"author":[{"embeddable":true,"href":"https:\/\/zonaroja.com.mx\/index.php?rest_route=\/wp\/v2\/users\/2"}],"replies":[{"embeddable":true,"href":"https:\/\/zonaroja.com.mx\/index.php?rest_route=%2Fwp%2Fv2%2Fcomments&post=11730"}],"version-history":[{"count":1,"href":"https:\/\/zonaroja.com.mx\/index.php?rest_route=\/wp\/v2\/posts\/11730\/revisions"}],"predecessor-version":[{"id":11733,"href":"https:\/\/zonaroja.com.mx\/index.php?rest_route=\/wp\/v2\/posts\/11730\/revisions\/11733"}],"wp:featuredmedia":[{"embeddable":true,"href":"https:\/\/zonaroja.com.mx\/index.php?rest_route=\/wp\/v2\/media\/11731"}],"wp:attachment":[{"href":"https:\/\/zonaroja.com.mx\/index.php?rest_route=%2Fwp%2Fv2%2Fmedia&parent=11730"}],"wp:term":[{"taxonomy":"category","embeddable":true,"href":"https:\/\/zonaroja.com.mx\/index.php?rest_route=%2Fwp%2Fv2%2Fcategories&post=11730"},{"taxonomy":"post_tag","embeddable":true,"href":"https:\/\/zonaroja.com.mx\/index.php?rest_route=%2Fwp%2Fv2%2Ftags&post=11730"}],"curies":[{"name":"wp","href":"https:\/\/api.w.org\/{rel}","templated":true}]}}