{"id":11739,"date":"2020-04-29T11:50:37","date_gmt":"2020-04-29T16:50:37","guid":{"rendered":"http:\/\/www.zonaroja.com.mx\/?p=11739"},"modified":"2020-04-29T11:50:41","modified_gmt":"2020-04-29T16:50:41","slug":"avancen-obras-de-infraestructura-del-poder-judicial-de-oaxaca","status":"publish","type":"post","link":"https:\/\/zonaroja.com.mx\/?p=11739","title":{"rendered":"Avancen obras de infraestructura del Poder Judicial de Oaxaca"},"content":{"rendered":"\n<p>Redacci\u00f3n\/Zona\nRoja.<\/p>\n\n\n\n<p>Oaxaca de\nJu\u00e1rez, Oax., 29 de abril de 2020.- El Poder Judicial de Oaxaca inform\u00f3 que se\nhan realizado cerca de 49 obras, unas ya concluidas, otras en estado de\nejecuci\u00f3n y algunas se encuentran en proyecto de an\u00e1lisis para su aprobaci\u00f3n e\ninicio.<\/p>\n\n\n\n<p>En un\ncomunicado, inform\u00f3 que entre las directrices trazadas por el presidente del\nTribunal Superior de Justicia, Eduardo Pinacho S\u00e1nchez, destacan, humanizar la\njusticia y generar la infraestructura inmobiliaria.<\/p>\n\n\n\n<p>Lo anterior\npara que toda persona que se acerque a realizar un tr\u00e1mite judicial cuente con\nlugares dignos en donde se le imparta la justicia que le corresponda.<\/p>\n\n\n\n<p>En\nentrevista, Carlos Robles Gonz\u00e1lez, director de Infraestructura Judicial del\nConsejo de la Judicatura, se\u00f1al\u00f3 que entre las obras realizadas en este primer\ntrimestre de la actual administraci\u00f3n, est\u00e1n las de los Centros de Justicia de\nla entidad, principalmente los ubicados en los municipios de Ejutla, Ixtl\u00e1n y\nEl Espinal, a los cuales se les dio atenci\u00f3n respecto a sus instalaciones\nel\u00e9ctricas, hidr\u00e1ulicas y sanitarias.<\/p>\n\n\n\n<p>\u201cEl Centro\nde Justicia de El Espinal es un proyecto que se vino trabajando desde el inicio\ny en el cual se realizaron diversos trabajos como la instalaci\u00f3n de\nguarniciones, pasamanos, aires acondicionados.<\/p>\n\n\n\n<p>\u201cSe\nhabilitaron espacios para los nuevos juzgados, se repar\u00f3 la planta de\ntratamiento, entre otros, por lo cual se encuentra a un 95 por ciento, lo que\nindica que pr\u00f3ximamente ser\u00e1 inaugurado; posteriormente ser\u00e1n abiertos los centros\nde Ejutla e Ixtl\u00e1n\u201d, puntualiz\u00f3.<\/p>\n\n\n\n<p>De igual\nforma, mencion\u00f3 que una de las primeras instrucciones que recibi\u00f3 del\npresidente del Tribunal Superior de Justicia fue realizar una evaluaci\u00f3n sobre\nlas condiciones y necesidades de los juzgados, con el objetivo de brindar\nespacios laborales dignos con las condiciones \u00f3ptimas para brindar un acceso e\nimpartici\u00f3n de justicia de calidad en beneficio de la poblaci\u00f3n.<\/p>\n\n\n\n<p>Robles\nGonz\u00e1lez, expuso tambi\u00e9n importantes acciones y mejoras ejecutadas en el\nedificio que alberga los Juzgados Civiles y Familiares del Distrito Judicial\ndel Centro, donde se construyeron por completo los n\u00facleos de sanitarios, tanto\nen la planta baja como alta; igualmente se habilit\u00f3, remodel\u00f3 y acondicion\u00f3 el\nespacio de convivencia familiar.<\/p>\n\n\n\n<p>Respecto a\nlas Salas de Oralidad Mercantil, indic\u00f3 que debido al inter\u00e9s manifestado por\nel titular del Poder Judicial y por las y los magistrados, de inaugurar lo m\u00e1s\npronto posible estos espacios, se concluyeron los trabajos en la sala de\nHuajuapan de Le\u00f3n y se est\u00e1n desarrollando labores de construcci\u00f3n del \u00e1rea\nadministrativa de la sala en Salina Cruz.<\/p>\n\n\n\n<p>Adem\u00e1s,\nCarlos Robles, dijo que se trabaj\u00f3 en la habilitaci\u00f3n del espacio f\u00edsico del\nCentro de Respuesta Inmediata denominado Justiciatel, el cual brinda atenci\u00f3n\ntelef\u00f3nica y presencial a la ciudadan\u00eda.<\/p>\n\n\n\n<p>\u201cEn poco\ntiempo hemos avanzado a buen paso, hay una debida planeaci\u00f3n, existe un\nproyecto analizado para el personal judicial y los usuarios, bajo la lupa del\ntitular del Poder Judicial se est\u00e1 trabajando muy a detalle todo lo que tiene\nque ver con la infraestructura de la instituci\u00f3n para que en un futuro\ndisminuyan los problemas de cada uno de los inmuebles y no se hereden\ndificultades a las siguientes administraciones\u201d, finaliz\u00f3 diciendo.<\/p>\n","protected":false},"excerpt":{"rendered":"<p>Redacci\u00f3n\/Zona Roja. Oaxaca de Ju\u00e1rez, Oax., 29 de abril de 2020.- El Poder Judicial de&hellip;<\/p>\n","protected":false},"author":2,"featured_media":11740,"comment_status":"closed","ping_status":"open","sticky":false,"template":"","format":"standard","meta":{"_lmt_disableupdate":"","_lmt_disable":"","_jetpack_memberships_contains_paid_content":false,"footnotes":""},"categories":[109,47],"tags":[223],"class_list":["post-11739","post","type-post","status-publish","format-standard","has-post-thumbnail","hentry","category-minuto-a-minuto","category-zona-gris","tag-poder-judicial-de-oaxaca"],"jetpack_featured_media_url":"https:\/\/zonaroja.com.mx\/wp-content\/uploads\/2020\/04\/obras-en-el-Poder-Judicial.jpeg","jetpack_sharing_enabled":true,"_links":{"self":[{"href":"https:\/\/zonaroja.com.mx\/index.php?rest_route=\/wp\/v2\/posts\/11739","targetHints":{"allow":["GET"]}}],"collection":[{"href":"https:\/\/zonaroja.com.mx\/index.php?rest_route=\/wp\/v2\/posts"}],"about":[{"href":"https:\/\/zonaroja.com.mx\/index.php?rest_route=\/wp\/v2\/types\/post"}],"author":[{"embeddable":true,"href":"https:\/\/zonaroja.com.mx\/index.php?rest_route=\/wp\/v2\/users\/2"}],"replies":[{"embeddable":true,"href":"https:\/\/zonaroja.com.mx\/index.php?rest_route=%2Fwp%2Fv2%2Fcomments&post=11739"}],"version-history":[{"count":1,"href":"https:\/\/zonaroja.com.mx\/index.php?rest_route=\/wp\/v2\/posts\/11739\/revisions"}],"predecessor-version":[{"id":11741,"href":"https:\/\/zonaroja.com.mx\/index.php?rest_route=\/wp\/v2\/posts\/11739\/revisions\/11741"}],"wp:featuredmedia":[{"embeddable":true,"href":"https:\/\/zonaroja.com.mx\/index.php?rest_route=\/wp\/v2\/media\/11740"}],"wp:attachment":[{"href":"https:\/\/zonaroja.com.mx\/index.php?rest_route=%2Fwp%2Fv2%2Fmedia&parent=11739"}],"wp:term":[{"taxonomy":"category","embeddable":true,"href":"https:\/\/zonaroja.com.mx\/index.php?rest_route=%2Fwp%2Fv2%2Fcategories&post=11739"},{"taxonomy":"post_tag","embeddable":true,"href":"https:\/\/zonaroja.com.mx\/index.php?rest_route=%2Fwp%2Fv2%2Ftags&post=11739"}],"curies":[{"name":"wp","href":"https:\/\/api.w.org\/{rel}","templated":true}]}}