{"id":11742,"date":"2020-04-29T12:30:22","date_gmt":"2020-04-29T17:30:22","guid":{"rendered":"http:\/\/www.zonaroja.com.mx\/?p=11742"},"modified":"2020-04-29T12:30:25","modified_gmt":"2020-04-29T17:30:25","slug":"diputados-acusan-de-represor-a-diaz-escarraga-y-rechazan-su-designacion-en-segob","status":"publish","type":"post","link":"https:\/\/zonaroja.com.mx\/?p=11742","title":{"rendered":"Diputados acusan de represor a D\u00edaz Esc\u00e1rraga y rechazan su designaci\u00f3n en Segob"},"content":{"rendered":"\n<p>Yuridiana\nSosa\/Zona Roja.<\/p>\n\n\n\n<p>Oaxaca de\nJu\u00e1rez, Oax., 29 de abril de 2020.- Diputados de la fracci\u00f3n del Partido Morena\npresentaron un punto de acuerdo para exhortar a la secretaria de Gobernaci\u00f3n,\nOlga S\u00e1nchez Cordero, no avale la designaci\u00f3n de Heliodoro D\u00edaz Esc\u00e1rraga como\ndelegado de esa dependencia en Oaxaca, por su vinculaci\u00f3n con la represi\u00f3n\nsocial del 2006.<\/p>\n\n\n\n<p>A horas de\ndifundirse la informaci\u00f3n sobre el nombramiento del ex funcionario estatal,\nallegado al mandatario priista Alejandro Murat Hinojosa, en la sesi\u00f3n ordinaria\nde la Diputaci\u00f3n Permanente de la 64 Legislatura fue presentada la propuesta.<\/p>\n\n\n\n<p>\u201cEl\nnombramiento de D\u00edaz Esc\u00e1rraga como delegado de la Secretar\u00eda de Gobernaci\u00f3n es\nuna afrenta al pueblo de Oaxaca.&nbsp; <\/p>\n\n\n\n<p>\u201cEs una afrenta a la memoria hist\u00f3rica de la lucha de un pueblo contra la corrupci\u00f3n y contra la represi\u00f3n.\u00a0 Es una afrenta a los cuerpos torturados, a los desaparecidos, a los asesinados por un r\u00e9gimen absolutista y corrupto\u201d, ley\u00f3 en tribuna la vocera de la fracci\u00f3n, diputada Delfina Guzm\u00e1n.<\/p>\n\n\n\n<figure class=\"wp-block-embed-twitter wp-block-embed is-type-rich is-provider-twitter\"><div class=\"wp-block-embed__wrapper\">\n<div class=\"twitter-tweet\"><blockquote class=\"twitter-tweet\" data-lang=\"es\"><p lang=\"es\" dir=\"ltr\"><a href=\"https:\/\/twitter.com\/hashtag\/%C3%9AltimoMinuto?src=hash&amp;ref_src=twsrc%5Etfw\">#\u00daltimoMinuto<\/a><br>(1) En la sesi\u00f3n de la Diputaci\u00f3n Permanente del <a href=\"https:\/\/twitter.com\/CongresoOaxLXIV?ref_src=twsrc%5Etfw\">@CongresoOaxLXIV<\/a>, la diputada <a href=\"https:\/\/twitter.com\/DelfinaGuzmanD1?ref_src=twsrc%5Etfw\">@DelfinaGuzmanD1<\/a> ley\u00f3 la propuesta de Punto de Acuerdo en que legisladores del Partido Morena rechazan la designaci\u00f3n de <a href=\"https:\/\/twitter.com\/Heliodoro_hcde?ref_src=twsrc%5Etfw\">@Heliodoro_hcde<\/a> como delegado de la <a href=\"https:\/\/twitter.com\/SEGOB_mx?ref_src=twsrc%5Etfw\">@SEGOB_mx<\/a>.<a href=\"https:\/\/twitter.com\/HoracioSosaOax?ref_src=twsrc%5Etfw\">@HoracioSosaOax<\/a> <a href=\"https:\/\/t.co\/6ZcQhYtEOg\">pic.twitter.com\/6ZcQhYtEOg<\/a><\/p>&mdash; Zona Roja Oaxaca (@MexRoja) <a href=\"https:\/\/twitter.com\/MexRoja\/status\/1255543233888706561?ref_src=twsrc%5Etfw\">29 de abril de 2020<\/a><\/blockquote><\/div>\n<\/div><\/figure>\n\n\n\n<p>Heliodoro\nD\u00edaz fungi\u00f3 como secretario general de Gobierno en parte del sexenio del gobernador\nUlises Ruiz Ortiz; form\u00f3 parte del c\u00edrculo pol\u00edtico y personal m\u00e1s cercano al mandatario\nde entonces.<\/p>\n\n\n\n<p>Fue se\u00f1alado\npor organizaciones sociales y el magisterio oaxaque\u00f1o como corresponsable de\nlos actos violentos que el gobierno estatal ejerci\u00f3 contra el movimiento social\nde la Asamblea Popular de los Pueblos de Oaxaca (APPO), entre el a\u00f1o 2006 y\n2007.<\/p>\n\n\n\n<p>Las acciones\ndel gobierno implicaron violaciones masiva y sistem\u00e1tica a los derechos humanos\nen contra de miles de personas, as\u00ed como la comisi\u00f3n de cr\u00edmenes de lesa humanidad,\nentre las que destacaron detenciones arbitrarias acompa\u00f1adas de tortura,\ndesapariciones forzadas y ejecuciones extrajudiciales.<\/p>\n\n\n\n<p>Los hechos\nquedaron registrados ante la Suprema Corte de Justicia de la Naci\u00f3n, la\nComisi\u00f3n Nacional de los Derechos Humanos y la Comisi\u00f3n de la Verdad, creada en\nel sexenio anterior por el propio gobierno de Oaxaca. Adem\u00e1s de las\norganizaciones civiles locales, nacionales e internacionales-<\/p>\n\n\n\n<p>Las\nvinculaciones de esos actos se sustentaron tambi\u00e9n en que D\u00edaz Esc\u00e1rraga fue en\nsu momento delegado del Centro de Investigaci\u00f3n y Seguridad Nacional (Cisen).<\/p>\n\n\n\n<p>Pero adem\u00e1s durante\nel sexenio de Gabino Cu\u00e9, mientras el actual gobernador encabezaba el lnfonavit\na nivel nacional, D\u00edaz Esc\u00e1rraga en 2014 fung\u00eda como Coordinaci\u00f3n Regional Sur\nde ese organismo.<\/p>\n\n\n\n<p>Fue\ndestituido del cargo luego que presumi\u00f3 desde su cuenta de Twitter un\ncostos\u00edsimo y vistoso veh\u00edculo Porsche, como regalo a su hijo, quien era\nsubdirector jur\u00eddico corporativo de Liconsa. <\/p>\n\n\n\n<p>D\u00edaz Esc\u00e1rraga ha sido subordinado directo del actual gobernador Alejandro Murat Hinojosa y recientemente director de la Coordinaci\u00f3n Estatal de Protecci\u00f3n Civil del Estado.<\/p>\n\n\n\n<figure class=\"wp-block-embed-twitter wp-block-embed is-type-rich is-provider-twitter\"><div class=\"wp-block-embed__wrapper\">\n<div class=\"twitter-tweet\"><blockquote class=\"twitter-tweet\" data-lang=\"es\"><p lang=\"es\" dir=\"ltr\"><a href=\"https:\/\/twitter.com\/hashtag\/%C3%9AltimoMinuto?src=hash&amp;ref_src=twsrc%5Etfw\">#\u00daltimoMinuto<\/a><br>(2) Diputados locales del Partido Morena recordaron el pasado represor de <a href=\"https:\/\/twitter.com\/Heliodoro_hcde?ref_src=twsrc%5Etfw\">@Heliodoro_hcde<\/a> hacia el movimiento social del 2006, por ello piden a la titular de la <a href=\"https:\/\/twitter.com\/SEGOB_mx?ref_src=twsrc%5Etfw\">@SEGOB_mx<\/a>, <a href=\"https:\/\/twitter.com\/M_OlgaSCordero?ref_src=twsrc%5Etfw\">@M_OlgaSCordero<\/a>, no avalar su designaci\u00f3n como delegado.<a href=\"https:\/\/twitter.com\/HoracioSosaOax?ref_src=twsrc%5Etfw\">@HoracioSosaOax<\/a> <a href=\"https:\/\/twitter.com\/DiputadasOax_64?ref_src=twsrc%5Etfw\">@DiputadasOax_64<\/a> <a href=\"https:\/\/t.co\/Ns5EpSP5aL\">pic.twitter.com\/Ns5EpSP5aL<\/a><\/p>&mdash; Zona Roja Oaxaca (@MexRoja) <a href=\"https:\/\/twitter.com\/MexRoja\/status\/1255545526948257792?ref_src=twsrc%5Etfw\">29 de abril de 2020<\/a><\/blockquote><\/div>\n<\/div><\/figure>\n\n\n\n<p>\u201cDado que ha\nsido subordinado directo del actual gobernador, es para pensar que no es la\npersona id\u00f3nea para ocupar la delegaci\u00f3n de la Secretar\u00eda de Gobernaci\u00f3n,\npuesto que en caso de disyuntiva, naturalmente que se inclinar\u00eda a beneficiar a\nsu ex jefe.<\/p>\n\n\n\n<p>\u201cEl exhorto\nes sencillo: pedimos respetuosamente a la secretaria Olga S\u00e1nchez Cordero\nreconsiderar su decisi\u00f3n de nombrar como delegado de la Secretar\u00eda de\nGobernaci\u00f3n en Oaxaca.<\/p>\n\n\n\n<p>\u201cEn lugar de\nello, deber\u00eda ser juzgado por la represi\u00f3n al movimiento social, por\nviolaciones graves a derechos humanos, por crear las caravanas de la muerte,\npor cr\u00edmenes de lesa humanidad con detenciones arbitrarias, torturas,\nejecuciones extrajudiciales cometidas contra el pueblo de Oaxaca\u201d, puntualiz\u00f3\nla legisladora en voz de los diputados de Morena.<\/p>\n\n\n\n<p>La propuesta\nfue turnada para su an\u00e1lisis en la pr\u00f3xima sesi\u00f3n extraordinaria que se llegara\na aprobar.<\/p>\n","protected":false},"excerpt":{"rendered":"<p>Yuridiana Sosa\/Zona Roja. Oaxaca de Ju\u00e1rez, Oax., 29 de abril de 2020.- Diputados de la&hellip;<\/p>\n","protected":false},"author":2,"featured_media":11743,"comment_status":"closed","ping_status":"open","sticky":false,"template":"","format":"standard","meta":{"_lmt_disableupdate":"","_lmt_disable":"","_jetpack_memberships_contains_paid_content":false,"footnotes":""},"categories":[109,46],"tags":[213],"class_list":["post-11742","post","type-post","status-publish","format-standard","has-post-thumbnail","hentry","category-minuto-a-minuto","category-zona-blanca","tag-64-legislatura-de-oaxaca"],"jetpack_featured_media_url":"https:\/\/zonaroja.com.mx\/wp-content\/uploads\/2020\/04\/Congreso-local.jpg","jetpack_sharing_enabled":true,"_links":{"self":[{"href":"https:\/\/zonaroja.com.mx\/index.php?rest_route=\/wp\/v2\/posts\/11742","targetHints":{"allow":["GET"]}}],"collection":[{"href":"https:\/\/zonaroja.com.mx\/index.php?rest_route=\/wp\/v2\/posts"}],"about":[{"href":"https:\/\/zonaroja.com.mx\/index.php?rest_route=\/wp\/v2\/types\/post"}],"author":[{"embeddable":true,"href":"https:\/\/zonaroja.com.mx\/index.php?rest_route=\/wp\/v2\/users\/2"}],"replies":[{"embeddable":true,"href":"https:\/\/zonaroja.com.mx\/index.php?rest_route=%2Fwp%2Fv2%2Fcomments&post=11742"}],"version-history":[{"count":1,"href":"https:\/\/zonaroja.com.mx\/index.php?rest_route=\/wp\/v2\/posts\/11742\/revisions"}],"predecessor-version":[{"id":11744,"href":"https:\/\/zonaroja.com.mx\/index.php?rest_route=\/wp\/v2\/posts\/11742\/revisions\/11744"}],"wp:featuredmedia":[{"embeddable":true,"href":"https:\/\/zonaroja.com.mx\/index.php?rest_route=\/wp\/v2\/media\/11743"}],"wp:attachment":[{"href":"https:\/\/zonaroja.com.mx\/index.php?rest_route=%2Fwp%2Fv2%2Fmedia&parent=11742"}],"wp:term":[{"taxonomy":"category","embeddable":true,"href":"https:\/\/zonaroja.com.mx\/index.php?rest_route=%2Fwp%2Fv2%2Fcategories&post=11742"},{"taxonomy":"post_tag","embeddable":true,"href":"https:\/\/zonaroja.com.mx\/index.php?rest_route=%2Fwp%2Fv2%2Ftags&post=11742"}],"curies":[{"name":"wp","href":"https:\/\/api.w.org\/{rel}","templated":true}]}}