{"id":11749,"date":"2020-04-29T18:26:34","date_gmt":"2020-04-29T23:26:34","guid":{"rendered":"http:\/\/www.zonaroja.com.mx\/?p=11749"},"modified":"2020-04-29T18:26:37","modified_gmt":"2020-04-29T23:26:37","slug":"suman-615-mexicanos-fallecidos-en-el-exterior-por-covid-19","status":"publish","type":"post","link":"https:\/\/zonaroja.com.mx\/?p=11749","title":{"rendered":"Suman 615 mexicanos fallecidos en el exterior por Covid-19"},"content":{"rendered":"\n<p>Redacci\u00f3n\/Zona\nRoja Cdmx.<\/p>\n\n\n\n<p>Ciudad de\nM\u00e9xico, 29 de abril de 2020.- La Secretar\u00eda de Relaciones Exteriores (SRE) inform\u00f3\nque hasta al momento, 615 mexicanos han fallecido por Covid-19 fuera del pa\u00eds,\nde los cuales 566 decesos se registraron en Estados Unidos y 49 en el resto del\nmundo.<\/p>\n\n\n\n<p>Asimismo,\ndetall\u00f3 que se ha trasladado al pa\u00eds a 10 mil 547 connacionales que se\nencontraban varados.<\/p>\n\n\n\n<p>Mencion\u00f3\ntambi\u00e9n que al menos siete fundaciones de China, Corea del Sur, Dinamarca, Suiza\ny Estados Unidos han efectuado diversas donaciones de insumos m\u00e9dicos para la\natenci\u00f3n de la epidemia en M\u00e9xico.<\/p>\n\n\n\n<p>Precis\u00f3 que\nel ritmo de traslados de equipos adquiridos a China no depende de la capacidad\nde las aeronaves enviada por M\u00e9xico, sino de la producci\u00f3n que hacen porque no\nse trata de inventarios, sino de materiales que se est\u00e1n produciendo.<\/p>\n\n\n\n<p>El 60 por\nciento del material \u00abadjudicado\u00bb por la Secretar\u00eda de Salud para la\natenci\u00f3n de la epidemia de Covid-19 provienen de China, seg\u00fan lo dio a conocer\nel Instituto de Salud Para el Bienestar.<\/p>\n\n\n\n<p>El\ncoordinador nacional de Abastecimiento de Medicamentos e Insumos de ese\norganismo, Alejandro Ernesto Calder\u00f3n, se\u00f1al\u00f3 que con el apoyo de las\nsecretar\u00edas de la Defensa Nacional y Marina ya se han distribuido 13 millones\nde productos o equipos m\u00e9dicos a los estados.<\/p>\n\n\n\n<p>(Con\ninformaci\u00f3n de \u201cLa Jornada\u201d)<\/p>\n","protected":false},"excerpt":{"rendered":"<p>Redacci\u00f3n\/Zona Roja Cdmx. Ciudad de M\u00e9xico, 29 de abril de 2020.- La Secretar\u00eda de Relaciones&hellip;<\/p>\n","protected":false},"author":2,"featured_media":11750,"comment_status":"closed","ping_status":"open","sticky":false,"template":"","format":"standard","meta":{"_lmt_disableupdate":"","_lmt_disable":"","_jetpack_memberships_contains_paid_content":false,"footnotes":""},"categories":[109,47],"tags":[1328],"class_list":["post-11749","post","type-post","status-publish","format-standard","has-post-thumbnail","hentry","category-minuto-a-minuto","category-zona-gris","tag-coronavirus-mexico"],"jetpack_featured_media_url":"https:\/\/zonaroja.com.mx\/wp-content\/uploads\/2020\/04\/Vacuna-coronavirus.png","jetpack_sharing_enabled":true,"_links":{"self":[{"href":"https:\/\/zonaroja.com.mx\/index.php?rest_route=\/wp\/v2\/posts\/11749","targetHints":{"allow":["GET"]}}],"collection":[{"href":"https:\/\/zonaroja.com.mx\/index.php?rest_route=\/wp\/v2\/posts"}],"about":[{"href":"https:\/\/zonaroja.com.mx\/index.php?rest_route=\/wp\/v2\/types\/post"}],"author":[{"embeddable":true,"href":"https:\/\/zonaroja.com.mx\/index.php?rest_route=\/wp\/v2\/users\/2"}],"replies":[{"embeddable":true,"href":"https:\/\/zonaroja.com.mx\/index.php?rest_route=%2Fwp%2Fv2%2Fcomments&post=11749"}],"version-history":[{"count":1,"href":"https:\/\/zonaroja.com.mx\/index.php?rest_route=\/wp\/v2\/posts\/11749\/revisions"}],"predecessor-version":[{"id":11751,"href":"https:\/\/zonaroja.com.mx\/index.php?rest_route=\/wp\/v2\/posts\/11749\/revisions\/11751"}],"wp:featuredmedia":[{"embeddable":true,"href":"https:\/\/zonaroja.com.mx\/index.php?rest_route=\/wp\/v2\/media\/11750"}],"wp:attachment":[{"href":"https:\/\/zonaroja.com.mx\/index.php?rest_route=%2Fwp%2Fv2%2Fmedia&parent=11749"}],"wp:term":[{"taxonomy":"category","embeddable":true,"href":"https:\/\/zonaroja.com.mx\/index.php?rest_route=%2Fwp%2Fv2%2Fcategories&post=11749"},{"taxonomy":"post_tag","embeddable":true,"href":"https:\/\/zonaroja.com.mx\/index.php?rest_route=%2Fwp%2Fv2%2Ftags&post=11749"}],"curies":[{"name":"wp","href":"https:\/\/api.w.org\/{rel}","templated":true}]}}