{"id":11754,"date":"2020-04-29T22:06:46","date_gmt":"2020-04-30T03:06:46","guid":{"rendered":"http:\/\/www.zonaroja.com.mx\/?p=11754"},"modified":"2020-04-29T22:06:49","modified_gmt":"2020-04-30T03:06:49","slug":"tras-criticas-se-va-ulisista-de-la-segob-oaxaca-pero-llega-otro-ulisista","status":"publish","type":"post","link":"https:\/\/zonaroja.com.mx\/?p=11754","title":{"rendered":"Tras cr\u00edticas, se va ulisista de la Segob Oaxaca\u2026 pero llega otro ulisista"},"content":{"rendered":"\n<p>Yuridiana\nSosa\/Zona Roja.<\/p>\n\n\n\n<p>Oaxaca de\nJu\u00e1rez, Oax., 29 de abril de 2020.- Tras el rechazo de diputados federales y locales,\nas\u00ed como la Secci\u00f3n 22 de la CNTE y de diversas organizaciones sociales, el\nreci\u00e9n nombrado delegado de la Secretar\u00eda Gobernaci\u00f3n (Segob) en Oaxaca,\nHeliodoro D\u00edaz Esc\u00e1rraga, \u201cdeclin\u00f3\u201d al cargo la tarde de este mi\u00e9rcoles.<\/p>\n\n\n\n<p>Desde ayer se\ndifundi\u00f3 la noticia de la designaci\u00f3n de quien hasta el fin de semana se\ndesempe\u00f1\u00f3 como titular de la Coordinaci\u00f3n Estatal de Protecci\u00f3n Civil de Oaxaca\n(CEPCO); pero horas m\u00e1s tarde public\u00f3 su renuncia y lo confirm\u00f3 la Segob.<\/p>\n\n\n\n<p>Diputados de\nla bancada de Morena de la 64 legislatura de Oaxaca, as\u00ed como a nivel federal,\nfijaron sus posturas de rechazo a la decisi\u00f3n de la dependencia que encabeza\nOlga S\u00e1nchez Cordero, a quien a su vez llamaron a nombrar a otra persona.<\/p>\n\n\n\n<p>Al ex\nfuncionario le pes\u00f3 su participaci\u00f3n como secretario General de Gobierno en el\nsexenio de Ulises Ruiz Ortiz durante los a\u00f1os 2006 y 2007 en la represi\u00f3n\ncontra el movimiento social representado por la Asamblea Popular de los Pueblos\nde Oaxaca y la Secci\u00f3n 22 del SNTE adherida a la Coordinadora Nacional de\nTrabajadores de la Educaci\u00f3n (CNTE).<\/p>\n\n\n\n<p>El magisterio oaxaque\u00f1o tambi\u00e9n reclam\u00f3 la decisi\u00f3n y exigi\u00f3 su destituci\u00f3n inmediata, as\u00ed como castigo a los responsables de los actos violentos que cobr\u00f3 la vida de personas, desapariciones forzadas, presos pol\u00edticos y tortura.<\/p>\n\n\n\n<figure class=\"wp-block-image\"><img decoding=\"async\" width=\"507\" height=\"680\" src=\"http:\/\/www.zonaroja.com.mx\/wp-content\/uploads\/2020\/04\/Comunicado-Heliodoro.jpg\" alt=\"\" class=\"wp-image-11756\" srcset=\"https:\/\/zonaroja.com.mx\/wp-content\/uploads\/2020\/04\/Comunicado-Heliodoro.jpg 507w, https:\/\/zonaroja.com.mx\/wp-content\/uploads\/2020\/04\/Comunicado-Heliodoro-224x300.jpg 224w\" sizes=\"(max-width: 507px) 100vw, 507px\" \/><\/figure>\n\n\n\n<p>Ante ese\nescenario y bajo el pretexto que \u201cson tiempos de unidad y de trabajar sin\nelementos de discordia por el bien del Pa\u00eds y de manera particular por mi estado\u201d,\nel tambi\u00e9n ex diputado local y federal por el PRI expres\u00f3: \u201cconsidero que no\noportuno participar en el servicio p\u00fablico esto en favor de la unidad y armon\u00eda\nde mi Estado\u201d.<\/p>\n\n\n\n<p>El escrito\nfue dirigido al subsecretario de Gobierno de la Segob, Ricardo Peralta Saucedo,\na quien agradeci\u00f3 la designaci\u00f3n.<\/p>\n\n\n\n<p>CONFIRMAN\nRENUNCIA Y CAMBIO<\/p>\n\n\n\n<p>A trav\u00e9s de\nun comunicado, la Secretar\u00eda de Gobernaci\u00f3n inform\u00f3 que tom\u00f3 protesta a Jes\u00fas\nRomero L\u00f3pez, del Partido Morena, como responsable de esa instancia en la\nentidad oaxaque\u00f1a.<\/p>\n\n\n\n<p>\u201cLa\ndependencia conf\u00eda plenamente en que aportar\u00e1 su experiencia y conocimiento\npara continuar impulsando la gobernabilidad en el estado\u201d, refiere el\ndocumento.<\/p>\n\n\n\n<p>\u201cRomero L\u00f3pez tendr\u00e1 entre sus tareas realizar recorridos por los municipios y establecer di\u00e1logo con los grupos sociales y actores pol\u00edticos involucrados en el desarrollo econ\u00f3mico, pol\u00edtico y social del estado\u201d, a\u00f1adi\u00f3.<\/p>\n\n\n\n<figure class=\"wp-block-image\"><img decoding=\"async\" width=\"511\" height=\"680\" src=\"http:\/\/www.zonaroja.com.mx\/wp-content\/uploads\/2020\/04\/Comunicado-Segob.jpg\" alt=\"\" class=\"wp-image-11757\" srcset=\"https:\/\/zonaroja.com.mx\/wp-content\/uploads\/2020\/04\/Comunicado-Segob.jpg 511w, https:\/\/zonaroja.com.mx\/wp-content\/uploads\/2020\/04\/Comunicado-Segob-225x300.jpg 225w\" sizes=\"(max-width: 511px) 100vw, 511px\" \/><\/figure>\n\n\n\n<p>Sin embargo,\na trav\u00e9s de las redes sociales de inmediato se divulgaron videos y fotograf\u00edas\nde la cercan\u00eda del ex perredista Jes\u00fas Romero L\u00f3pez con el ex gobernador Ulises\nRuiz Ortiz, quienes se hablaban con extrema confianza.<\/p>\n\n\n\n<p>\u201cRespecto a\nla solicitud del Grupo Parlamentario de Morena para que fuera reconsiderada la\ndecisi\u00f3n de nombrar a Heliodoro D\u00edaz Esc\u00e1rraga como representante de la\nSecretar\u00eda de Gobernaci\u00f3n en esa entidad, cabe aclarar que dicha persona\ndesisti\u00f3 voluntariamente a participar por la unidad del estado de Oaxaca\u201d,\nrefiere el comunicado de la Segob.<\/p>\n\n\n\n<p>A trav\u00e9s de\nlas redes sociales tambi\u00e9n, el presidente de la Junta de Coordinaci\u00f3n Pol\u00edtica\ndel Congreso de Oaxaca, Horacio Sosa, reconoci\u00f3 la disposici\u00f3n de la titular de\nla Segob, Olga S\u00e1nchez Cordero.<\/p>\n","protected":false},"excerpt":{"rendered":"<p>Yuridiana Sosa\/Zona Roja. Oaxaca de Ju\u00e1rez, Oax., 29 de abril de 2020.- Tras el rechazo&hellip;<\/p>\n","protected":false},"author":2,"featured_media":11755,"comment_status":"closed","ping_status":"open","sticky":false,"template":"","format":"standard","meta":{"_lmt_disableupdate":"","_lmt_disable":"","_jetpack_memberships_contains_paid_content":false,"footnotes":""},"categories":[109,47],"tags":[891],"class_list":["post-11754","post","type-post","status-publish","format-standard","has-post-thumbnail","hentry","category-minuto-a-minuto","category-zona-gris","tag-jesus-romero-lopez"],"jetpack_featured_media_url":"https:\/\/zonaroja.com.mx\/wp-content\/uploads\/2020\/04\/Secretar\u00eda-de-Gobernaci\u00f3n.jpg","jetpack_sharing_enabled":true,"_links":{"self":[{"href":"https:\/\/zonaroja.com.mx\/index.php?rest_route=\/wp\/v2\/posts\/11754","targetHints":{"allow":["GET"]}}],"collection":[{"href":"https:\/\/zonaroja.com.mx\/index.php?rest_route=\/wp\/v2\/posts"}],"about":[{"href":"https:\/\/zonaroja.com.mx\/index.php?rest_route=\/wp\/v2\/types\/post"}],"author":[{"embeddable":true,"href":"https:\/\/zonaroja.com.mx\/index.php?rest_route=\/wp\/v2\/users\/2"}],"replies":[{"embeddable":true,"href":"https:\/\/zonaroja.com.mx\/index.php?rest_route=%2Fwp%2Fv2%2Fcomments&post=11754"}],"version-history":[{"count":1,"href":"https:\/\/zonaroja.com.mx\/index.php?rest_route=\/wp\/v2\/posts\/11754\/revisions"}],"predecessor-version":[{"id":11758,"href":"https:\/\/zonaroja.com.mx\/index.php?rest_route=\/wp\/v2\/posts\/11754\/revisions\/11758"}],"wp:featuredmedia":[{"embeddable":true,"href":"https:\/\/zonaroja.com.mx\/index.php?rest_route=\/wp\/v2\/media\/11755"}],"wp:attachment":[{"href":"https:\/\/zonaroja.com.mx\/index.php?rest_route=%2Fwp%2Fv2%2Fmedia&parent=11754"}],"wp:term":[{"taxonomy":"category","embeddable":true,"href":"https:\/\/zonaroja.com.mx\/index.php?rest_route=%2Fwp%2Fv2%2Fcategories&post=11754"},{"taxonomy":"post_tag","embeddable":true,"href":"https:\/\/zonaroja.com.mx\/index.php?rest_route=%2Fwp%2Fv2%2Ftags&post=11754"}],"curies":[{"name":"wp","href":"https:\/\/api.w.org\/{rel}","templated":true}]}}