{"id":11759,"date":"2020-04-29T22:39:27","date_gmt":"2020-04-30T03:39:27","guid":{"rendered":"http:\/\/www.zonaroja.com.mx\/?p=11759"},"modified":"2020-04-29T22:39:35","modified_gmt":"2020-04-30T03:39:35","slug":"registra-oaxaca-nueve-pacientes-con-covid-y-un-muerto-en-un-dia","status":"publish","type":"post","link":"https:\/\/zonaroja.com.mx\/?p=11759","title":{"rendered":"Registra Oaxaca nueve pacientes con Covid y un muerto en un d\u00eda"},"content":{"rendered":"\n<p>Redacci\u00f3n\/Zona\nRoja.<\/p>\n\n\n\n<p>Oaxaca de\nJu\u00e1rez, Oax. 29 de abril de 2020.- Los Servicios de Salud de Oaxaca (SSO)\ninformaron sobre la muerte de una persona por Covid-19, con lo que hasta este\nmi\u00e9rcoles 29 de abril suman 18 personas fallecidas por esta enfermedad.<\/p>\n\n\n\n<p>En un\ncomunicado, detall\u00f3 que se trata de una persona del sexo masculino, de 69 a\u00f1os\nde edad, de la regi\u00f3n del Istmo de Tehuantepec, quien cursaba un diagn\u00f3stico de\nhipertensi\u00f3n arterial, diabetes mellitus tipo II e insuficiencia renal, lo cual\ncomplic\u00f3 la patolog\u00eda v\u00edrica.<\/p>\n\n\n\n<p>Expuso que\nlas v\u00edctimas fatales por el nuevo coronavirus, afectan en gran medida a los\nhombres en comparaci\u00f3n con las mujeres, ya que de acuerdo con las cifras, el\n61% del total de muertes son los varones, con 11 casos.<\/p>\n\n\n\n<p>Indic\u00f3 que este mi\u00e9rcoles se notificaron nueve casos nuevos de COVID-19 en la plataforma del Sistema Nacional de Vigilancia Epidemiol\u00f3gica; de esta manera, se tiene un acumulado en la entidad de 130 pacientes contagiados, de los cuales 79 se han recuperado del padecimiento y 33 cursan actualmente la enfermedad.<\/p>\n\n\n\n<figure class=\"wp-block-image\"><img decoding=\"async\" width=\"1024\" height=\"574\" src=\"http:\/\/www.zonaroja.com.mx\/wp-content\/uploads\/2020\/04\/SSO-2-2-1024x574.jpeg\" alt=\"\" class=\"wp-image-11761\" srcset=\"https:\/\/zonaroja.com.mx\/wp-content\/uploads\/2020\/04\/SSO-2-2-1024x574.jpeg 1024w, https:\/\/zonaroja.com.mx\/wp-content\/uploads\/2020\/04\/SSO-2-2-300x168.jpeg 300w, https:\/\/zonaroja.com.mx\/wp-content\/uploads\/2020\/04\/SSO-2-2-768x431.jpeg 768w, https:\/\/zonaroja.com.mx\/wp-content\/uploads\/2020\/04\/SSO-2-2-1170x656.jpeg 1170w, https:\/\/zonaroja.com.mx\/wp-content\/uploads\/2020\/04\/SSO-2-2-585x328.jpeg 585w, https:\/\/zonaroja.com.mx\/wp-content\/uploads\/2020\/04\/SSO-2-2.jpeg 1280w\" sizes=\"(max-width: 1024px) 100vw, 1024px\" \/><\/figure>\n\n\n\n<p>Precis\u00f3 que\nde los nueve casos que se agregaron este d\u00eda, cinco corresponde a Valles\nCentrales, dos al Istmo de Tehuantepec, uno a Tuxtepec e igual n\u00famero en la\nMixteca; quienes est\u00e1n siendo monitoreados por el personal del sector Salud,\nrealizando los lineamientos y protocolos indicados por la instituci\u00f3n.<\/p>\n\n\n\n<p>Enfatiz\u00f3 que\nde los 130 positivos, 56 pacientes (43%) han requerido hospitalizaci\u00f3n y 74\npersonas (57%) se encuentran en aislamiento domiciliario.<\/p>\n","protected":false},"excerpt":{"rendered":"<p>Redacci\u00f3n\/Zona Roja. Oaxaca de Ju\u00e1rez, Oax. 29 de abril de 2020.- Los Servicios de Salud&hellip;<\/p>\n","protected":false},"author":2,"featured_media":11760,"comment_status":"closed","ping_status":"open","sticky":false,"template":"","format":"standard","meta":{"_lmt_disableupdate":"","_lmt_disable":"","_jetpack_memberships_contains_paid_content":false,"footnotes":""},"categories":[109,47],"tags":[1512],"class_list":["post-11759","post","type-post","status-publish","format-standard","has-post-thumbnail","hentry","category-minuto-a-minuto","category-zona-gris","tag-coronavirus-oaxaca"],"jetpack_featured_media_url":"https:\/\/zonaroja.com.mx\/wp-content\/uploads\/2020\/04\/SSO-1-4.jpeg","jetpack_sharing_enabled":true,"_links":{"self":[{"href":"https:\/\/zonaroja.com.mx\/index.php?rest_route=\/wp\/v2\/posts\/11759","targetHints":{"allow":["GET"]}}],"collection":[{"href":"https:\/\/zonaroja.com.mx\/index.php?rest_route=\/wp\/v2\/posts"}],"about":[{"href":"https:\/\/zonaroja.com.mx\/index.php?rest_route=\/wp\/v2\/types\/post"}],"author":[{"embeddable":true,"href":"https:\/\/zonaroja.com.mx\/index.php?rest_route=\/wp\/v2\/users\/2"}],"replies":[{"embeddable":true,"href":"https:\/\/zonaroja.com.mx\/index.php?rest_route=%2Fwp%2Fv2%2Fcomments&post=11759"}],"version-history":[{"count":1,"href":"https:\/\/zonaroja.com.mx\/index.php?rest_route=\/wp\/v2\/posts\/11759\/revisions"}],"predecessor-version":[{"id":11762,"href":"https:\/\/zonaroja.com.mx\/index.php?rest_route=\/wp\/v2\/posts\/11759\/revisions\/11762"}],"wp:featuredmedia":[{"embeddable":true,"href":"https:\/\/zonaroja.com.mx\/index.php?rest_route=\/wp\/v2\/media\/11760"}],"wp:attachment":[{"href":"https:\/\/zonaroja.com.mx\/index.php?rest_route=%2Fwp%2Fv2%2Fmedia&parent=11759"}],"wp:term":[{"taxonomy":"category","embeddable":true,"href":"https:\/\/zonaroja.com.mx\/index.php?rest_route=%2Fwp%2Fv2%2Fcategories&post=11759"},{"taxonomy":"post_tag","embeddable":true,"href":"https:\/\/zonaroja.com.mx\/index.php?rest_route=%2Fwp%2Fv2%2Ftags&post=11759"}],"curies":[{"name":"wp","href":"https:\/\/api.w.org\/{rel}","templated":true}]}}