{"id":11766,"date":"2020-04-30T08:46:19","date_gmt":"2020-04-30T13:46:19","guid":{"rendered":"http:\/\/www.zonaroja.com.mx\/?p=11766"},"modified":"2020-04-30T08:46:22","modified_gmt":"2020-04-30T13:46:22","slug":"oaxaca-entre-los-estados-de-mayor-vulnerabilidad-a-covid-19-unam","status":"publish","type":"post","link":"https:\/\/zonaroja.com.mx\/?p=11766","title":{"rendered":"Oaxaca, entre los estados de mayor vulnerabilidad a Covid-19: UNAM"},"content":{"rendered":"\n<p>Yuridiana\nSosa\/Zona Roja.<\/p>\n\n\n\n<p>Oaxaca de\nJu\u00e1rez, Oax., 30 de abril de 2020.- Oaxaca es de los estados que presenta un\nmayor \u00edndice de zonas marcadas con grado muy alto y cr\u00edtico de vulnerabilidad\nante del Covid-19, por su nivel de marginaci\u00f3n, edad poblacional,\ninfraestructura del sistema de salud, hacinamiento y econom\u00eda.<\/p>\n\n\n\n<p>As\u00ed lo\nrevel\u00f3 el estudio \u201cVulnerabilidad ante Covid-19 en M\u00e9xico\u201d, realizado por la\nUniversidad Nacional Aut\u00f3noma de M\u00e9xico (UNAM), publicado este 27 de abril, con\ndatos al corte del 25 de abril sobre la evoluci\u00f3n de la pandemia en nuestro\npa\u00eds.<\/p>\n\n\n\n<p>El informe\nindic\u00f3 que el 34.9 millones de personas, correspondientes al 29.3 por ciento de\nla poblaci\u00f3n, habitan en zonas con vulnerabilidad alta o muy alta, los cuales\nse concentran en Oaxaca, Guerrero, Chiapas, la Huasteca Veracruzana y Poblana;\nel sur de Durango, la Sierra Tarahumara y Yucat\u00e1n.<\/p>\n\n\n\n<p>El grado de\nvulnerabilidad a COVID-19 se categoriz\u00f3 en: medio, alto, muy alto y cr\u00edtico. En\nese sentido el 63% de la poblaci\u00f3n del pa\u00eds vive en municipios con un grado\nmedio de vulnerabilidad, 17% en municipios de alto grado de vulnerabilidad,\n11.7% en municipios de muy alto grado de vulnerabilidad y 7.5% en municipios\ndonde el grado de vulnerabilidad es cr\u00edtico.<\/p>\n\n\n\n<p>La\ndispersi\u00f3n indica que gran parte de Oaxaca, como de Guerreo, Chiapas y Yucat\u00e1n,\nadem\u00e1s de la zona Huasteca Veracruzana y Potosina muestran mayores niveles\ncr\u00edticos de vulnerabilidad.<\/p>\n\n\n\n<p>El\nterritorio oaxaque\u00f1o cuenta con una extensi\u00f3n mayor marcada como zona libre de\ncontagios y sin vecindad de esta condici\u00f3n, pero algunas partes, en las\ndistintas regiones, fueron marcadas con indicadores que se\u00f1alan, en el sem\u00e1foro\nde municipios con casos confirmados, un nivel de contagio alto, muy alto y\ncr\u00edtico, como es una parte de la zona norte y la Mixteca.&nbsp; <\/p>\n\n\n\n<p>Pero la\nentidad tambi\u00e9n resalta por contar con un mayor porcentaje de poblaci\u00f3n que\nsupera los a 60 a\u00f1os de edad, la cual, de acuerdo, de acuerdo con las\ncaracter\u00edsticas infecciosas del SARS-CoV-2, este grupo poblacional tiene mayor\nprobabilidad de tener complicaciones en caso de ser infectados.<\/p>\n\n\n\n<p>El municipio\nCosoltepec, en la regi\u00f3n de la Mixteca, es el que cuenta con el mayor\nporcentaje de personas de este grupo en todo el pa\u00eds, con el 42 por ciento de\nsus habitantes. Mientras que la media nacional es de 13 por ciento.<\/p>\n\n\n\n<p>Adem\u00e1s, por\nporcentaje de poblaci\u00f3n que trabajan en negocios con menos de cinco empleados\nen actividades no esenciales, en la pandemia, Oaxaca obtuvo el m\u00e1ximo en M\u00e9xico\ncon el 94 por ciento en el municipio de Zapotitl\u00e1n Palmas, Oaxaca, mientras la\nmedia fue de 55.3 por ciento.<\/p>\n\n\n\n<p>En\ncontraste, el m\u00ednimo registro del porcentaje de poblaci\u00f3n que trabaja en\nactividades esenciales fue de 7.8 por ciento para el municipio de Santa Mar\u00eda\nIxcatl\u00e1n, Oaxaca, en la regi\u00f3n Ca\u00f1ada; la media entre municipios fue de 48.5\npor ciento.<\/p>\n\n\n\n<p>En cuanto al\nacceso a informaci\u00f3n por medios de comunicaci\u00f3n dentro de la vivienda para\nrecibir mensajes para una mayor posibilidad de obtener informaci\u00f3n m\u00ednima\nesencial de autoprotecci\u00f3n frente a la contingencia, el m\u00ednimo registro del 0\npor ciento para 12 municipios del pa\u00eds, estos ubicados mayormente en Oaxaca y\nChihuahua.<\/p>\n\n\n\n<p>Este\nan\u00e1lisis, concluy\u00f3 el grupo de investigadores, es indicativo de las medidas\nurgentes que deben realizarse a nivel territorial con la finalidad de mitigar\nel potencial impacto del COVID-19 en la sociedad mexicana.<\/p>\n","protected":false},"excerpt":{"rendered":"<p>Yuridiana Sosa\/Zona Roja. Oaxaca de Ju\u00e1rez, Oax., 30 de abril de 2020.- Oaxaca es de&hellip;<\/p>\n","protected":false},"author":2,"featured_media":10855,"comment_status":"closed","ping_status":"open","sticky":false,"template":"","format":"standard","meta":{"_lmt_disableupdate":"","_lmt_disable":"","_jetpack_memberships_contains_paid_content":false,"footnotes":""},"categories":[109,47],"tags":[1512],"class_list":["post-11766","post","type-post","status-publish","format-standard","has-post-thumbnail","hentry","category-minuto-a-minuto","category-zona-gris","tag-coronavirus-oaxaca"],"jetpack_featured_media_url":"https:\/\/zonaroja.com.mx\/wp-content\/uploads\/2020\/04\/Coronavirus-Oax.png","jetpack_sharing_enabled":true,"_links":{"self":[{"href":"https:\/\/zonaroja.com.mx\/index.php?rest_route=\/wp\/v2\/posts\/11766","targetHints":{"allow":["GET"]}}],"collection":[{"href":"https:\/\/zonaroja.com.mx\/index.php?rest_route=\/wp\/v2\/posts"}],"about":[{"href":"https:\/\/zonaroja.com.mx\/index.php?rest_route=\/wp\/v2\/types\/post"}],"author":[{"embeddable":true,"href":"https:\/\/zonaroja.com.mx\/index.php?rest_route=\/wp\/v2\/users\/2"}],"replies":[{"embeddable":true,"href":"https:\/\/zonaroja.com.mx\/index.php?rest_route=%2Fwp%2Fv2%2Fcomments&post=11766"}],"version-history":[{"count":1,"href":"https:\/\/zonaroja.com.mx\/index.php?rest_route=\/wp\/v2\/posts\/11766\/revisions"}],"predecessor-version":[{"id":11767,"href":"https:\/\/zonaroja.com.mx\/index.php?rest_route=\/wp\/v2\/posts\/11766\/revisions\/11767"}],"wp:featuredmedia":[{"embeddable":true,"href":"https:\/\/zonaroja.com.mx\/index.php?rest_route=\/wp\/v2\/media\/10855"}],"wp:attachment":[{"href":"https:\/\/zonaroja.com.mx\/index.php?rest_route=%2Fwp%2Fv2%2Fmedia&parent=11766"}],"wp:term":[{"taxonomy":"category","embeddable":true,"href":"https:\/\/zonaroja.com.mx\/index.php?rest_route=%2Fwp%2Fv2%2Fcategories&post=11766"},{"taxonomy":"post_tag","embeddable":true,"href":"https:\/\/zonaroja.com.mx\/index.php?rest_route=%2Fwp%2Fv2%2Ftags&post=11766"}],"curies":[{"name":"wp","href":"https:\/\/api.w.org\/{rel}","templated":true}]}}