{"id":11768,"date":"2020-04-30T08:58:37","date_gmt":"2020-04-30T13:58:37","guid":{"rendered":"http:\/\/www.zonaroja.com.mx\/?p=11768"},"modified":"2020-04-30T08:58:42","modified_gmt":"2020-04-30T13:58:42","slug":"diversas-ong-piden-no-reprimir-y-garantizar-los-derechos-a-la-salud-ante-covid","status":"publish","type":"post","link":"https:\/\/zonaroja.com.mx\/?p=11768","title":{"rendered":"Diversas ONG piden no reprimir y garantizar los derechos a la salud, ante Covid"},"content":{"rendered":"\n<p>Evlin Arag\u00f3n\/Zona\nRoja.<\/p>\n\n\n\n<p>Oaxaca de\nJu\u00e1rez, Oax., 30 de abril de 2020.- En medio de la crisis sanitaria que se vive\nen el mundo por la pandemia del Covid-19, organizaciones de la sociedad civil\nexigieron al gobierno de Oaxaca que encabeza Alejandro Murat, no reprimir a la\npoblaci\u00f3n y garantizar la salud y econom\u00eda popular de los grupos hist\u00f3ricamente\nm\u00e1s vulnerados, a la par que cuestionaron las medidas hasta ahora implementadas\npor la administraci\u00f3n.<\/p>\n\n\n\n<p>Y es que de\nacuerdo con m\u00e1s de 80 organizaciones firmantes de un manifiesto titulado \u201cPor\nla salud y la econom\u00eda populares en el estado de Oaxaca\u201d, el mandatario estatal\nimplement\u00f3 una pol\u00edtica represora que busca criminalizar y encarcelar al pueblo\ndespose\u00eddo, que todos los d\u00edas necesita salir a las calles para alimentar a su\nfamilias, en lugar de asumir una pol\u00edtica social que permita a la poblaci\u00f3n m\u00e1s\ndesfavorecida guardar las recomendaciones del gobierno federal, incluido el\nquedarse en casa.<\/p>\n\n\n\n<p>Lo anterior\nante la disposici\u00f3n previa del uso obligatoria del cubrebocas en la entidad\noaxaque\u00f1a y las sanciones que pueden ser hasta de 36 horas de prisi\u00f3n para\nquien no cumpla con la disposici\u00f3n oficial, adem\u00e1s de realizar el cierre de los\nprincipales espacios p\u00fablicos en la entidad, lo cual vulnera los derechos\nfundamentales de la poblaci\u00f3n, particularmente de la que por necesidad ni puede\nquedarse en casa.<\/p>\n\n\n\n<p>Como ya lo\nhicieran otros colectivos de personas organizadas, pidieron establecer de\nmanera urgente las medidas econ\u00f3micas necesarias para atender prioritariamente\nla salud de la poblaci\u00f3n oaxaque\u00f1a, mediante la adquisici\u00f3n de materiales,\ninsumos, medicinas y equipos.<\/p>\n\n\n\n<p>La\ncontrataci\u00f3n de personal sanitario; la recontrataci\u00f3n del personal afectado con\nlos despidos masivos tras la disoluci\u00f3n de los extintos programas Prospera y\nSeguro Popular, y la ampliaci\u00f3n y reconversi\u00f3n hospitalaria para hacer frente a\nla pandemia por el Covid-19.<\/p>\n\n\n\n<p>Apenas este\nlunes, personal del ISSSTE volvi\u00f3 a manifestar su preocupaci\u00f3n por no contar\ncon material y equipo necesario para dar atenci\u00f3n a la contingencia,\npreviamente lo hicieron trabajadoras y trabajadores del Hospital Civil \u201cDr.\nAurelio Valdivieso\u201d, quienes expusieron las deficiencias a las que se enfrentan\nen estos momentos.<\/p>\n\n\n\n<p>Por ello,\nexigieron hacer p\u00fablico el presupuesto y la distribuci\u00f3n de \u00e8ste en el sector\nsalud, a fin de que conozca en donde se invertir\u00e1n cada uno de los recursos en\nfavor del personal m\u00e9dico que arriesga su vida y de la ciudadan\u00eda misma, que\npareciera no ser prioridad para las autoridades locales.<\/p>\n\n\n\n<p>\u201cAun en el\ncontexto de la crisis sanitaria, la salud no es una prioridad para el gobierno\ndel estado. El gobernador no ha hecho p\u00fablicos los recursos que destina para la\natenci\u00f3n de la salud durante la emergencia, frente a la debilidad del sistema\nde salud del estado, caracterizado por la insuficiencia de medicamentos,\nequipo, insumos, infraestructura y personal m\u00e9dico, que por lo general tiene\nque sufragar los gastos de su propia protecci\u00f3n\u201d, refirieron.<\/p>\n\n\n\n<p>Con el\nconocimiento previo de que el confinamiento en casa est\u00e1 siendo perjudicial\npara las mujeres, que se enfrentan a la violencia familiar, las organizaciones\nfirmantes pidieron al gobierno hacer del conocimiento p\u00fablico los prepuestos y\nacciones de Estado para hacer frente de manera integral a los impactos de la\npandemia, frente al incremento de la violencia feminicida y feminicidio.<\/p>\n\n\n\n<p>De acuerdo\ncon los organismos firmantes, la omisi\u00f3n de esta problem\u00e1tica en el marco de la\nemergencia sanitaria confirma una forma de violencia de g\u00e9nero cometida desde\nlas instituciones del estado.<\/p>\n\n\n\n<p>\u201cCon la\nemergencia han aumentado los feminicidios y, de manera alarmante, las\ndesapariciones de mujeres, mientras el gobierno sigue empe\u00f1ado en la simulaci\u00f3n\ny el maquillaje de cifras\u201d reclaman, a la par que cuestionan la falta de\npol\u00edticas para reducir la<\/p>\n\n\n\n<p>cu\u00e1druple\njornada laboral que enfrentan las mujeres durante la cuarentena.<\/p>\n\n\n\n<p>Finalmente,\ntambi\u00e9n exigieron garantizar el abasto de agua en todas las comunidades del\nestado de Oaxaca; establecer&nbsp; de manera\nurgente una pol\u00edtica para garantizar el abasto de alimentos en las zonas\nrurales; atender a la poblaci\u00f3n m\u00e1s vulnerable con sus programa de estabilidad\necon\u00f3mica que deben incluir medidas como seguro de desempleo o renta universal.<\/p>\n\n\n\n<p>De igual\nforma, pidieron al Congreso del Estado de Oaxaca realizar de manera urgente las\nreformas legislativas necesarias para obligar al Poder Ejecutivo del Estado a\nejercer su presupuesto atendiendo como prioridad la salud y la vida de la\npoblaci\u00f3n oaxaque\u00f1a; as\u00ed como mantenerse vigilantes de que el presupuesto y las\nacciones del gobierno del estado de Oaxaca dirigidas a la estabilidad econ\u00f3mica\ndel estado se orienten a los sectores realmente m\u00e1s desfavorecidos.<\/p>\n\n\n\n<p>Algunas de\nlas organizaciones firmantes son: Servicios para una Educaci\u00f3n Alternativa,\nA.C. (Educa); Comit\u00e9 de Familiares y Amigos de Dami\u00e1n Gallardo; Consorcio para\nel Di\u00e1logo Parlamentario y la Equidad Oaxaca, A.C.; Comit\u00e9 por la Defensa de\nlos Derechos Ind\u00edgenas (Codedi); Corriente del Pueblo Sol Rojo y Uni\u00f3n de\nComunidades Ind\u00edgenas de la Zona Norte del Istmo (UCIZONI), entre otras.<\/p>\n","protected":false},"excerpt":{"rendered":"<p>Evlin Arag\u00f3n\/Zona Roja. Oaxaca de Ju\u00e1rez, Oax., 30 de abril de 2020.- En medio de&hellip;<\/p>\n","protected":false},"author":2,"featured_media":11154,"comment_status":"closed","ping_status":"open","sticky":false,"template":"","format":"standard","meta":{"_lmt_disableupdate":"","_lmt_disable":"","_jetpack_memberships_contains_paid_content":false,"footnotes":""},"categories":[109,47],"tags":[1512],"class_list":["post-11768","post","type-post","status-publish","format-standard","has-post-thumbnail","hentry","category-minuto-a-minuto","category-zona-gris","tag-coronavirus-oaxaca"],"jetpack_featured_media_url":"https:\/\/zonaroja.com.mx\/wp-content\/uploads\/2020\/04\/Covid19.jpg","jetpack_sharing_enabled":true,"_links":{"self":[{"href":"https:\/\/zonaroja.com.mx\/index.php?rest_route=\/wp\/v2\/posts\/11768","targetHints":{"allow":["GET"]}}],"collection":[{"href":"https:\/\/zonaroja.com.mx\/index.php?rest_route=\/wp\/v2\/posts"}],"about":[{"href":"https:\/\/zonaroja.com.mx\/index.php?rest_route=\/wp\/v2\/types\/post"}],"author":[{"embeddable":true,"href":"https:\/\/zonaroja.com.mx\/index.php?rest_route=\/wp\/v2\/users\/2"}],"replies":[{"embeddable":true,"href":"https:\/\/zonaroja.com.mx\/index.php?rest_route=%2Fwp%2Fv2%2Fcomments&post=11768"}],"version-history":[{"count":1,"href":"https:\/\/zonaroja.com.mx\/index.php?rest_route=\/wp\/v2\/posts\/11768\/revisions"}],"predecessor-version":[{"id":11769,"href":"https:\/\/zonaroja.com.mx\/index.php?rest_route=\/wp\/v2\/posts\/11768\/revisions\/11769"}],"wp:featuredmedia":[{"embeddable":true,"href":"https:\/\/zonaroja.com.mx\/index.php?rest_route=\/wp\/v2\/media\/11154"}],"wp:attachment":[{"href":"https:\/\/zonaroja.com.mx\/index.php?rest_route=%2Fwp%2Fv2%2Fmedia&parent=11768"}],"wp:term":[{"taxonomy":"category","embeddable":true,"href":"https:\/\/zonaroja.com.mx\/index.php?rest_route=%2Fwp%2Fv2%2Fcategories&post=11768"},{"taxonomy":"post_tag","embeddable":true,"href":"https:\/\/zonaroja.com.mx\/index.php?rest_route=%2Fwp%2Fv2%2Ftags&post=11768"}],"curies":[{"name":"wp","href":"https:\/\/api.w.org\/{rel}","templated":true}]}}