{"id":11776,"date":"2020-04-30T14:51:08","date_gmt":"2020-04-30T19:51:08","guid":{"rendered":"http:\/\/www.zonaroja.com.mx\/?p=11776"},"modified":"2020-04-30T14:51:11","modified_gmt":"2020-04-30T19:51:11","slug":"reportan-otro-fallecido-sospechoso-de-covid-19-en-la-cuenca","status":"publish","type":"post","link":"https:\/\/zonaroja.com.mx\/?p=11776","title":{"rendered":"Reportan otro fallecido sospechoso de Covid-19 en la Cuenca"},"content":{"rendered":"\n<p>Yurdiana\nSosa\/Zona Roja.<\/p>\n\n\n\n<p>San Juan\nBautista Tuxtepec, Oax., 30 de abril de 2020.- Autoridades sanitarias y\nmunicipales de San Jos\u00e9 Chiltepec, en la regi\u00f3n Cuenca, confirmaron la muerte\nde una persona que present\u00f3 sintomatolog\u00eda relacionada a Covid-19, lo que\nsumar\u00edan cinco defunciones relacionadas al virus en esta regi\u00f3n.<\/p>\n\n\n\n<p>El paciente\ndel sexo masculino fue inhumado con los protocolos relacionados a la enfermedad\na fin de evitar contagios, indic\u00f3 la Jurisdicci\u00f3n Sanitaria n\u00famero 03,\ncorrespondiente a la regi\u00f3n de la Cuenca.<\/p>\n\n\n\n<p>El paciente,\noriginario del municipio de San Jos\u00e9 Chiltepec, estuvo internado en el Hospital\nde Zona n\u00famero 3 del Instituto Mexicano del Seguro Social (IMSS) en el\nmunicipio de Tuxtepec; es de la tercera edad y tambi\u00e9n padec\u00eda de diabetes.<\/p>\n\n\n\n<p>La muerte se\nregistr\u00f3 la noche de este mi\u00e9rcoles y horas despu\u00e9s se llev\u00f3 a cabo el sepelio\nen el municipio de Chiltepec, conurbano a Tuxtepec; en el proceso participaron\nelementos de la Guardia Nacional.<\/p>\n\n\n\n<p>De\nconfirmarse las pruebas como caso Covid-19, el fallecido ser\u00eda la segunda\npersona de Chiltepec que contrajo el virus. El primer paciente, un hombre de 31\na\u00f1os de edad, ya fue dado de alto tras 12 d\u00edas permanecer hospitalizado.<\/p>\n\n\n\n<p>Esta quinta\nmuerte relacionada coronavirus en la regi\u00f3n Cuenca, tambi\u00e9n ser\u00eda la primera en\notro municipio ajeno a Tuxtepec, donde se han registrado cuatro de los 13 casos\nhasta confirmados hasta este 29 de abril.<\/p>\n","protected":false},"excerpt":{"rendered":"<p>Yurdiana Sosa\/Zona Roja. San Juan Bautista Tuxtepec, Oax., 30 de abril de 2020.- Autoridades sanitarias&hellip;<\/p>\n","protected":false},"author":2,"featured_media":11777,"comment_status":"closed","ping_status":"open","sticky":false,"template":"","format":"standard","meta":{"_lmt_disableupdate":"","_lmt_disable":"","_jetpack_memberships_contains_paid_content":false,"footnotes":""},"categories":[109,47],"tags":[1512],"class_list":["post-11776","post","type-post","status-publish","format-standard","has-post-thumbnail","hentry","category-minuto-a-minuto","category-zona-gris","tag-coronavirus-oaxaca"],"jetpack_featured_media_url":"https:\/\/zonaroja.com.mx\/wp-content\/uploads\/2020\/04\/Covid191-1.jpeg","jetpack_sharing_enabled":true,"_links":{"self":[{"href":"https:\/\/zonaroja.com.mx\/index.php?rest_route=\/wp\/v2\/posts\/11776","targetHints":{"allow":["GET"]}}],"collection":[{"href":"https:\/\/zonaroja.com.mx\/index.php?rest_route=\/wp\/v2\/posts"}],"about":[{"href":"https:\/\/zonaroja.com.mx\/index.php?rest_route=\/wp\/v2\/types\/post"}],"author":[{"embeddable":true,"href":"https:\/\/zonaroja.com.mx\/index.php?rest_route=\/wp\/v2\/users\/2"}],"replies":[{"embeddable":true,"href":"https:\/\/zonaroja.com.mx\/index.php?rest_route=%2Fwp%2Fv2%2Fcomments&post=11776"}],"version-history":[{"count":1,"href":"https:\/\/zonaroja.com.mx\/index.php?rest_route=\/wp\/v2\/posts\/11776\/revisions"}],"predecessor-version":[{"id":11778,"href":"https:\/\/zonaroja.com.mx\/index.php?rest_route=\/wp\/v2\/posts\/11776\/revisions\/11778"}],"wp:featuredmedia":[{"embeddable":true,"href":"https:\/\/zonaroja.com.mx\/index.php?rest_route=\/wp\/v2\/media\/11777"}],"wp:attachment":[{"href":"https:\/\/zonaroja.com.mx\/index.php?rest_route=%2Fwp%2Fv2%2Fmedia&parent=11776"}],"wp:term":[{"taxonomy":"category","embeddable":true,"href":"https:\/\/zonaroja.com.mx\/index.php?rest_route=%2Fwp%2Fv2%2Fcategories&post=11776"},{"taxonomy":"post_tag","embeddable":true,"href":"https:\/\/zonaroja.com.mx\/index.php?rest_route=%2Fwp%2Fv2%2Ftags&post=11776"}],"curies":[{"name":"wp","href":"https:\/\/api.w.org\/{rel}","templated":true}]}}