{"id":11780,"date":"2020-04-30T15:15:52","date_gmt":"2020-04-30T20:15:52","guid":{"rendered":"http:\/\/www.zonaroja.com.mx\/?p=11780"},"modified":"2020-04-30T15:20:10","modified_gmt":"2020-04-30T20:20:10","slug":"desague-de-hotel-en-san-felipe-contamina-arroyo-en-la-capital-denuncia-ambientalista","status":"publish","type":"post","link":"https:\/\/zonaroja.com.mx\/?p=11780","title":{"rendered":"Desag\u00fce de hotel en San Felipe contamina arroyo en la capital, denuncia ambientalista"},"content":{"rendered":"\n<p>Yuridiana\nSosa\/Zona Roja.<\/p>\n\n\n\n<p>Oaxaca de\nJu\u00e1rez, Oax., 30 de abril de 2020.- La construcci\u00f3n de un hotel en la agencia\nde San Felipe del Agua, al norte de la capital de Oaxaca, ha generado una\ndesmedida contaminaci\u00f3n del arroyo \u201cGuayabal\u201d, denunci\u00f3 el integrante del\nConsejo de Organizaciones Ambientalistas de Oaxaca (COAO), Nasario Garc\u00eda\nRam\u00edrez<\/p>\n\n\n\n<p>Explic\u00f3 que\nen donde se ubica el antiguo libramiento norte, en jurisdicci\u00f3n de esa agencia,\nse construye un hotel que descarga sus aguas negras al cuerpo al afluente &#8211;rodeado\npor varias hect\u00e1reas de vegetaci\u00f3n&#8211; que hace algunos a\u00f1os a\u00fan abastec\u00eda de\nagua al barrio de La Chigulera en la capital.<\/p>\n\n\n\n<p>El\nambientalista se\u00f1al\u00f3 la omisi\u00f3n de las autoridades municipales de Oaxaca de\nJu\u00e1rez, al permitir una construcci\u00f3n que infringe las leyes ambientales, por lo\nque demand\u00f3 la intervenci\u00f3n de manera inmediata de la Secretar\u00eda del Medio\nAmbiente y Recursos Naturales (Semarnat).<\/p>\n\n\n\n<p>As\u00ed tambi\u00e9n\nde la Procuradur\u00eda Federal de Protecci\u00f3n al Ambiente de M\u00e9xico (Profepa) para\nque investiguen el da\u00f1o a la flora y fauna de esta zona de bosque.<\/p>\n\n\n\n<p>Dela misma\nmanera, el representante del COAO evidenci\u00f3 otras afectaciones ambientales que\nse registran en esa agencia y que a pesar de estar expuestas o ser denunciadas\na las autoridades municipales no se atienden.<\/p>\n\n\n\n<p>Es el caso\nde un canal de aguas negras que se ha formado sobre la calle de Barniz y Loma\nGuajal, producto de un brote del drenaje sanitario.<\/p>\n\n\n\n<p>Garc\u00eda\nRam\u00edrez dijo que ese problema se gener\u00f3 y denunci\u00f3 desde hace por lo menos un\na\u00f1o, pero ninguna autoridad local atiende; esa situaci\u00f3n ya se convirti\u00f3 en un\nproblema para los habitantes de esas calles, que manifiestan olores f\u00e9tidos de\nforma cotidiana, pero que se agravan en temporada de calor.<\/p>\n","protected":false},"excerpt":{"rendered":"<p>Yuridiana Sosa\/Zona Roja. Oaxaca de Ju\u00e1rez, Oax., 30 de abril de 2020.- La construcci\u00f3n de&hellip;<\/p>\n","protected":false},"author":2,"featured_media":11782,"comment_status":"closed","ping_status":"open","sticky":false,"template":"","format":"standard","meta":{"_lmt_disableupdate":"","_lmt_disable":"","_jetpack_memberships_contains_paid_content":false,"footnotes":""},"categories":[109,47],"tags":[1650],"class_list":["post-11780","post","type-post","status-publish","format-standard","has-post-thumbnail","hentry","category-minuto-a-minuto","category-zona-gris","tag-san-felipe-del-agua-oaxaca"],"jetpack_featured_media_url":"https:\/\/zonaroja.com.mx\/wp-content\/uploads\/2020\/04\/dcccf110-0c25-4119-9a7a-5bf26d470a8c.jpg","jetpack_sharing_enabled":true,"_links":{"self":[{"href":"https:\/\/zonaroja.com.mx\/index.php?rest_route=\/wp\/v2\/posts\/11780","targetHints":{"allow":["GET"]}}],"collection":[{"href":"https:\/\/zonaroja.com.mx\/index.php?rest_route=\/wp\/v2\/posts"}],"about":[{"href":"https:\/\/zonaroja.com.mx\/index.php?rest_route=\/wp\/v2\/types\/post"}],"author":[{"embeddable":true,"href":"https:\/\/zonaroja.com.mx\/index.php?rest_route=\/wp\/v2\/users\/2"}],"replies":[{"embeddable":true,"href":"https:\/\/zonaroja.com.mx\/index.php?rest_route=%2Fwp%2Fv2%2Fcomments&post=11780"}],"version-history":[{"count":1,"href":"https:\/\/zonaroja.com.mx\/index.php?rest_route=\/wp\/v2\/posts\/11780\/revisions"}],"predecessor-version":[{"id":11781,"href":"https:\/\/zonaroja.com.mx\/index.php?rest_route=\/wp\/v2\/posts\/11780\/revisions\/11781"}],"wp:featuredmedia":[{"embeddable":true,"href":"https:\/\/zonaroja.com.mx\/index.php?rest_route=\/wp\/v2\/media\/11782"}],"wp:attachment":[{"href":"https:\/\/zonaroja.com.mx\/index.php?rest_route=%2Fwp%2Fv2%2Fmedia&parent=11780"}],"wp:term":[{"taxonomy":"category","embeddable":true,"href":"https:\/\/zonaroja.com.mx\/index.php?rest_route=%2Fwp%2Fv2%2Fcategories&post=11780"},{"taxonomy":"post_tag","embeddable":true,"href":"https:\/\/zonaroja.com.mx\/index.php?rest_route=%2Fwp%2Fv2%2Ftags&post=11780"}],"curies":[{"name":"wp","href":"https:\/\/api.w.org\/{rel}","templated":true}]}}