{"id":11786,"date":"2020-04-30T18:45:37","date_gmt":"2020-04-30T23:45:37","guid":{"rendered":"http:\/\/www.zonaroja.com.mx\/?p=11786"},"modified":"2020-04-30T18:47:15","modified_gmt":"2020-04-30T23:47:15","slug":"ya-son-dos-ejecutados-en-tuxtepec-hoy-en-la-capital-de-oaxaca-un-secuestrado","status":"publish","type":"post","link":"https:\/\/zonaroja.com.mx\/?p=11786","title":{"rendered":"Ya son dos ejecutados en Tuxtepec hoy; en la capital de Oaxaca, un secuestrado"},"content":{"rendered":"\n<p>Evlin Arag\u00f3n\/Zona Roja. Foto: El Pi\u00f1ero<\/p>\n\n\n\n<p>Oaxaca de\nJu\u00e1rez, Oax., 30 de abril de 2020.- A dos ascendi\u00f3 el n\u00famero de personas que\nperdieron la vida durante un ataque armado ocurrido hoy en la colonia Mar\u00eda\nEugenia de la capital de Oaxaca.<\/p>\n\n\n\n<p>Los hechos\nocurrieron alrededor de las 09:0\u20190 horas en la calle Josefa Ortiz de Dom\u00ednguez,\nentre Monte Alb\u00e1n y Ni\u00f1os H\u00e9roes, donde presuntos grupos de la delincuencia\norganizada se enfrentaron y adem\u00e1s rafaguearon un autob\u00fas y una vivienda\nparticular.<\/p>\n\n\n\n<p>De acuerdo\ncon los primeros reportes oficiales, las v\u00edctimas fueron identificadas como Jos\u00e9\nBravo Ubieta y Rub\u00e9n Hern\u00e1ndez Bernardino. Hasta el momento la Fiscal\u00eda General\ndel Estado no ha emitido informaci\u00f3n oficial al respecto.<\/p>\n\n\n\n<p>SECUESTRADO EN LA CAPITAL<\/p>\n\n\n\n<figure class=\"wp-block-embed-twitter wp-block-embed is-type-rich is-provider-twitter\"><div class=\"wp-block-embed__wrapper\">\n<div class=\"twitter-tweet\"><blockquote class=\"twitter-tweet\" data-lang=\"es\"><p lang=\"es\" dir=\"ltr\"><a href=\"https:\/\/twitter.com\/hashtag\/OaxacaRojo?src=hash&amp;ref_src=twsrc%5Etfw\">#OaxacaRojo<\/a><br>Distra\u00edda la polic\u00eda de <a href=\"https:\/\/twitter.com\/MunicipioSeguro?ref_src=twsrc%5Etfw\">@MunicipioSeguro<\/a>, esta ma\u00f1ana en el fraccionamiento \u00c1lamos de la ciudad de <a href=\"https:\/\/twitter.com\/hashtag\/Oaxaca?src=hash&amp;ref_src=twsrc%5Etfw\">#Oaxaca<\/a> fue presuntamente plagiada una persona; en el lugar quedaron varios objetos personales. A\u00fan no hay noticias de su paradero. <a href=\"https:\/\/t.co\/xY95G6b6jM\">pic.twitter.com\/xY95G6b6jM<\/a><\/p>&mdash; Zona Roja Oaxaca (@MexRoja) <a href=\"https:\/\/twitter.com\/MexRoja\/status\/1255909780754853888?ref_src=twsrc%5Etfw\">30 de abril de 2020<\/a><\/blockquote><\/div>\n<\/div><\/figure>\n\n\n\n<p>En tanto,\ntambi\u00e9n en la ma\u00f1ana de hoy, aproximadamente a la misma hora pero en el\nfraccionamiento \u00c1lamos de la ciudad de Oaxaca, una persona del sexo masculino\nfue presuntamente plagiada a bordo de su propio veh\u00edculo, tipo Tsuru, marca\nNissan, color blanco.<\/p>\n\n\n\n<p>De la misma\nmanera, los probables secuestradores viajaban en otra unidad de motor, una\ncamioneta de color rojo; en el lugar quedaron objetos tirados, unos lentes y\nuna funda de esposas. Tambi\u00e9n no ha habido informaci\u00f3n oficial al respecto.<\/p>\n\n\n\n<p>ACCIDENTE DE\nAUTOB\u00daS<\/p>\n\n\n\n<p>Por la\nma\u00f1ana, el miedo se apoder\u00f3 de las y los pasajeros al interior de la unidad con\nn\u00famero econ\u00f3mico 2322 con placas de circulaci\u00f3n 24HA3M de la empresa Cristobal\nCol\u00f3n (OCC), que la madrugada de este jueves volc\u00f3 en inmediaciones de la\ncarretera federal 190, Oaxaca-Istmo.<\/p>\n\n\n\n<p>Procedente\nde Mat\u00edas Romero, municipio perteneciente a la regi\u00f3n del Istmo de Tehuantepec\ny con destino hacia la capital del Oaxaca, el autob\u00fas perdi\u00f3 el control en la\ncurva cercana a la poblaci\u00f3n de San Mateo Macuilx\u00f3chitl, ocasionando que\nsaliera de la carretera, llev\u00e1ndose consigo la valla de protecci\u00f3n y algunos\nse\u00f1alamientos que quedaron completamente destruidos.<\/p>\n\n\n\n<p>Minutos de p\u00e1nico se vivieron en el lugar, ya que el veh\u00edculo qued\u00f3 volteado y las personas a bordo tuvieron que abrir las compuertas ubicadas en la parte alta del cami\u00f3n para poder salir ya que la puerta de ascenso y descenso hab\u00eda sido bloqueada por el percance.<\/p>\n\n\n\n<figure class=\"wp-block-embed-twitter wp-block-embed is-type-rich is-provider-twitter\"><div class=\"wp-block-embed__wrapper\">\n<div class=\"twitter-tweet\"><blockquote class=\"twitter-tweet\" data-lang=\"es\"><p lang=\"es\" dir=\"ltr\"><a href=\"https:\/\/twitter.com\/hashtag\/%C3%9AltimoMinuto?src=hash&amp;ref_src=twsrc%5Etfw\">#\u00daltimoMinuto<\/a> <br>As\u00ed qued\u00f3 el autob\u00fas de la l\u00ednea OCC procedente de Mat\u00edas Romero hacia la ciudad de Oaxaca. El percance ocurri\u00f3 alrededor de las 06:30 horas de hoy en el kil\u00f3metro 22 de la v\u00eda federal 190, Oaxaca-Istmo; seis personas lesionadas, el saldo preliminar. <a href=\"https:\/\/t.co\/knCeIWP7VB\">pic.twitter.com\/knCeIWP7VB<\/a><\/p>&mdash; Zona Roja Oaxaca (@MexRoja) <a href=\"https:\/\/twitter.com\/MexRoja\/status\/1255861144587247617?ref_src=twsrc%5Etfw\">30 de abril de 2020<\/a><\/blockquote><\/div>\n<\/div><\/figure>\n\n\n\n<p>En el lugar\nhab\u00eda rastros de sangre, aunque no en gran cantidad, sin embargo, advert\u00edan lo\nque despu\u00e9s se comprob\u00f3 y es que alrededor de ocho personas resultaron heridas\ny fueron atendidas de primera cuenta por personal de emergencia de la Cruz Roja\nque se dio cita ante el llamado de auxilio.<\/p>\n\n\n\n<p>Posteriormente\ny a bordo de cinco unidades fueron trasladadas a la ciudad de Oaxaca las\npersonas que resultaron con heridas considerables a fin de recibir atenci\u00f3n\nm\u00e9dica especializada, mientras que otras m\u00e1s esperaban a la unidad de relevo\nque concluir\u00eda el viaje por el que pagaron previamente.<\/p>\n\n\n\n<p>Sin mayores\nexplicaciones por parte de los responsables de la empresa, quienes se negaron\nen todo momento a platicar con los medios que hicieron&nbsp; presencia en el lugar, despu\u00e9s de las ocho de\nla ma\u00f1ana un segundo autob\u00fas de la l\u00ednea OCC pas\u00f3 por las personas que esta\nmadrugada salieron de Mat\u00edas Romero con destino a la capital.<\/p>\n\n\n\n<p>De acuerdo\ncon lo visto por este medio de comunicaci\u00f3n, el autob\u00fas tra\u00eda cupo lleno y sus\npasajeros cumpl\u00edan con el uso del cubrobocas que es de car\u00e1cter obligatorio\npara cualquier persona en la entidad oaxaque\u00f1a ante la amenaza de contagio por\nCovid-19.<\/p>\n\n\n\n<p>Pese a que la curva en la que perdi\u00f3 el control el veh\u00edculo no es tan pronunciada, se ha convertido en una zona de alta peligrosidad para las y los automovilistas, prueba de ellos las diferentes cruces que se han instalado en el lugar que dan fe de accidentes anteriores con saldos fatales.<\/p>\n\n\n\n<figure class=\"wp-block-embed-twitter wp-block-embed is-type-rich is-provider-twitter\"><div class=\"wp-block-embed__wrapper\">\n<div class=\"twitter-tweet\"><blockquote class=\"twitter-tweet\" data-lang=\"es\"><p lang=\"es\" dir=\"ltr\"><a href=\"https:\/\/twitter.com\/hashtag\/OaxacaRojo?src=hash&amp;ref_src=twsrc%5Etfw\">#OaxacaRojo<\/a><br>A merced del crimen organizado San Juan Bautista <a href=\"https:\/\/twitter.com\/hashtag\/Tuxtepec?src=hash&amp;ref_src=twsrc%5Etfw\">#Tuxtepec<\/a>; as\u00ed el tableteo de la en\u00e9sima balacera esta ma\u00f1ana. <br>La <a href=\"https:\/\/twitter.com\/FISCALIA_GobOax?ref_src=twsrc%5Etfw\">@FISCALIA_GobOax<\/a> informa que la madrugada de hoy efectu\u00f3 operativo; solo algunas dosis de droga y armas incautadas; no hay detenidos. <a href=\"https:\/\/t.co\/bFzRGroyzg\">pic.twitter.com\/bFzRGroyzg<\/a><\/p>&mdash; Zona Roja Oaxaca (@MexRoja) <a href=\"https:\/\/twitter.com\/MexRoja\/status\/1255875623290982400?ref_src=twsrc%5Etfw\">30 de abril de 2020<\/a><\/blockquote><\/div>\n<\/div><\/figure>\n","protected":false},"excerpt":{"rendered":"<p>Evlin Arag\u00f3n\/Zona Roja. Foto: El Pi\u00f1ero Oaxaca de Ju\u00e1rez, Oax., 30 de abril de 2020.-&hellip;<\/p>\n","protected":false},"author":2,"featured_media":11787,"comment_status":"closed","ping_status":"open","sticky":false,"template":"","format":"standard","meta":{"_lmt_disableupdate":"","_lmt_disable":"","_jetpack_memberships_contains_paid_content":false,"footnotes":""},"categories":[109,51],"tags":[964],"class_list":["post-11786","post","type-post","status-publish","format-standard","has-post-thumbnail","hentry","category-minuto-a-minuto","category-zona-roja","tag-violencia-oaxaca"],"jetpack_featured_media_url":"https:\/\/zonaroja.com.mx\/wp-content\/uploads\/2020\/04\/El-pi\u00f1ero-Tuxtepec.jpg","jetpack_sharing_enabled":true,"_links":{"self":[{"href":"https:\/\/zonaroja.com.mx\/index.php?rest_route=\/wp\/v2\/posts\/11786","targetHints":{"allow":["GET"]}}],"collection":[{"href":"https:\/\/zonaroja.com.mx\/index.php?rest_route=\/wp\/v2\/posts"}],"about":[{"href":"https:\/\/zonaroja.com.mx\/index.php?rest_route=\/wp\/v2\/types\/post"}],"author":[{"embeddable":true,"href":"https:\/\/zonaroja.com.mx\/index.php?rest_route=\/wp\/v2\/users\/2"}],"replies":[{"embeddable":true,"href":"https:\/\/zonaroja.com.mx\/index.php?rest_route=%2Fwp%2Fv2%2Fcomments&post=11786"}],"version-history":[{"count":3,"href":"https:\/\/zonaroja.com.mx\/index.php?rest_route=\/wp\/v2\/posts\/11786\/revisions"}],"predecessor-version":[{"id":11790,"href":"https:\/\/zonaroja.com.mx\/index.php?rest_route=\/wp\/v2\/posts\/11786\/revisions\/11790"}],"wp:featuredmedia":[{"embeddable":true,"href":"https:\/\/zonaroja.com.mx\/index.php?rest_route=\/wp\/v2\/media\/11787"}],"wp:attachment":[{"href":"https:\/\/zonaroja.com.mx\/index.php?rest_route=%2Fwp%2Fv2%2Fmedia&parent=11786"}],"wp:term":[{"taxonomy":"category","embeddable":true,"href":"https:\/\/zonaroja.com.mx\/index.php?rest_route=%2Fwp%2Fv2%2Fcategories&post=11786"},{"taxonomy":"post_tag","embeddable":true,"href":"https:\/\/zonaroja.com.mx\/index.php?rest_route=%2Fwp%2Fv2%2Ftags&post=11786"}],"curies":[{"name":"wp","href":"https:\/\/api.w.org\/{rel}","templated":true}]}}