{"id":11791,"date":"2020-04-30T21:40:50","date_gmt":"2020-05-01T02:40:50","guid":{"rendered":"http:\/\/www.zonaroja.com.mx\/?p=11791"},"modified":"2020-04-30T21:50:52","modified_gmt":"2020-05-01T02:50:52","slug":"ridiculiza-vera-salinas-tema-del-coronavirus-con-cuento-infantil","status":"publish","type":"post","link":"https:\/\/zonaroja.com.mx\/?p=11791","title":{"rendered":"Ridiculiza Vera Salinas tema del coronavirus con cuento \u201cinfantil\u201d"},"content":{"rendered":"\n<p>Redacci\u00f3n\/Zona\nRoja.<\/p>\n\n\n\n<p>Oaxaca de\nJu\u00e1rez, Oax., 30 de abril de 2020.-&nbsp; Un\nrostro tosco es lo primeo que resalta el video que comparti\u00f3 el titular del\nSecretariado Ejecutivo del Sistema Estatal de Seguridad P\u00fablica (SESESP), Jos\u00e9\nManuel Vera Salinas, para contar una historia \u201cinfantil\u201d sobre el coronavirus,\ncon motivo del D\u00eda del Ni\u00f1o.<\/p>\n\n\n\n<p>Sin pizca de\nempat\u00eda en sus expresiones, sentado en un c\u00f3modo mueble, de lo que aparenta ser\nuna oficina, el funcionario estatal &#8211;se\u00f1alado de represor del movimiento\nsocial del 2006, en el sexenio de Ulises Ruiz&#8211; destin\u00f3 su tiempo para relatar\nun cuento sobre la pandemia a la poblaci\u00f3n infantil de Oaxaca, con la que no\ntiene relaci\u00f3n alguna.<\/p>\n\n\n\n<p>Al menos no\nen la cuenta oficial del SESESP en Twitter, con dos mil 166 seguidores, donde\nse public\u00f3 el v\u00eddeo editado esta ma\u00f1ana.<\/p>\n\n\n\n<p>El ex jefe\nde escolta de Jos\u00e9 Murat busca generar simpat\u00edas, pues tanto su desempe\u00f1o\nactual, como el pasado como director de Seguridad P\u00fablica en 2007-2007, con\nUlises Ruiz Ortiz, dejan a deber; es de rechazo.<\/p>\n\n\n\n<p>En los\n\u00faltimos meses, se ha dedicado a promover su imagen recorriendo el estado\npresuntamente en apoyo a las mujeres v\u00edctimas de la violencia, tema que tampoco\nguarda relaci\u00f3n con su encargo, que es m\u00e1s administrativo que de acciones\np\u00fablicas en materia de seguridad.<\/p>\n\n\n\n<p>Vera\nSalinas, de voz \u00e1spera, se esfuerza en imponer, en expresar una voz amigable.\nCon ademanes toscos y gestos inexpresivos acorde al cuento.<\/p>\n\n\n\n<p>Apoyado de\nanimaciones digitales en la edici\u00f3n del video, el funcionario narra en poco m\u00e1s\nde dos minutos la batalla de enfrentan los oaxaque\u00f1os frente al Covid-19, y en\nla que el desempe\u00f1o de la ni\u00f1ez es fundamental. Los coloca como los protagonistas.<\/p>\n\n\n\n<p>\u201cLos ni\u00f1os\nencontraron la manera de combatir el coronavirus utilizando los cuatro s\u00faper\npoderes&#8230;20 segundos de espuma m\u00e1gica, utilizar la llave maestra de karate al\nestornudar, cuidar tu escudo protector, invisible que se desactiva cuando tocas\nojos, nariz y boca; y por \u00faltimo, la capa invisible que utilizas cuando est\u00e1s\ncerca de otras personas: de la sana distancia\u201d, es parte del texto que\nforzadamente cont\u00f3 Vera Salinas.<\/p>\n\n\n\n<p>CRITICAN SU\nREPRESI\u00d3N<\/p>\n\n\n\n<p>A trav\u00e9s de\notro video, modificado, la dirigente de la Confederaci\u00f3n Libertad de\nTrabajadores de M\u00e9xico, Guadalupe D\u00edaz Pantoja, recrimin\u00f3 a Vera Salinas su\npostura a favor de los infantes:<\/p>\n\n\n\n<p>\u201cFelicidades\npor parte de Vera Salinas a todos los ni\u00f1os que dej\u00f3 hu\u00e9rfanos en 2006!\nFelicidades tambi\u00e9n a todos los ni\u00f1os y las ni\u00f1as que hoy no pueden disfrutar a\nsus padres por estar encarcelados injustamente por su culpa\u201d, difundi\u00f3 en el\nmismo video editado con letras superpuestas.<\/p>\n","protected":false},"excerpt":{"rendered":"<p>Redacci\u00f3n\/Zona Roja. Oaxaca de Ju\u00e1rez, Oax., 30 de abril de 2020.-&nbsp; Un rostro tosco es&hellip;<\/p>\n","protected":false},"author":2,"featured_media":11792,"comment_status":"closed","ping_status":"open","sticky":false,"template":"","format":"standard","meta":{"_lmt_disableupdate":"","_lmt_disable":"","_jetpack_memberships_contains_paid_content":false,"footnotes":""},"categories":[109,47],"tags":[1651],"class_list":["post-11791","post","type-post","status-publish","format-standard","has-post-thumbnail","hentry","category-minuto-a-minuto","category-zona-gris","tag-jose-manuel-vera-salinas"],"jetpack_featured_media_url":"https:\/\/zonaroja.com.mx\/wp-content\/uploads\/2020\/04\/PHOTO-2020-04-30-17-33-43.jpg","jetpack_sharing_enabled":true,"_links":{"self":[{"href":"https:\/\/zonaroja.com.mx\/index.php?rest_route=\/wp\/v2\/posts\/11791","targetHints":{"allow":["GET"]}}],"collection":[{"href":"https:\/\/zonaroja.com.mx\/index.php?rest_route=\/wp\/v2\/posts"}],"about":[{"href":"https:\/\/zonaroja.com.mx\/index.php?rest_route=\/wp\/v2\/types\/post"}],"author":[{"embeddable":true,"href":"https:\/\/zonaroja.com.mx\/index.php?rest_route=\/wp\/v2\/users\/2"}],"replies":[{"embeddable":true,"href":"https:\/\/zonaroja.com.mx\/index.php?rest_route=%2Fwp%2Fv2%2Fcomments&post=11791"}],"version-history":[{"count":1,"href":"https:\/\/zonaroja.com.mx\/index.php?rest_route=\/wp\/v2\/posts\/11791\/revisions"}],"predecessor-version":[{"id":11793,"href":"https:\/\/zonaroja.com.mx\/index.php?rest_route=\/wp\/v2\/posts\/11791\/revisions\/11793"}],"wp:featuredmedia":[{"embeddable":true,"href":"https:\/\/zonaroja.com.mx\/index.php?rest_route=\/wp\/v2\/media\/11792"}],"wp:attachment":[{"href":"https:\/\/zonaroja.com.mx\/index.php?rest_route=%2Fwp%2Fv2%2Fmedia&parent=11791"}],"wp:term":[{"taxonomy":"category","embeddable":true,"href":"https:\/\/zonaroja.com.mx\/index.php?rest_route=%2Fwp%2Fv2%2Fcategories&post=11791"},{"taxonomy":"post_tag","embeddable":true,"href":"https:\/\/zonaroja.com.mx\/index.php?rest_route=%2Fwp%2Fv2%2Ftags&post=11791"}],"curies":[{"name":"wp","href":"https:\/\/api.w.org\/{rel}","templated":true}]}}