{"id":11795,"date":"2020-04-30T22:02:04","date_gmt":"2020-05-01T03:02:04","guid":{"rendered":"http:\/\/www.zonaroja.com.mx\/?p=11795"},"modified":"2020-04-30T22:02:07","modified_gmt":"2020-05-01T03:02:07","slug":"detienen-en-oaxaca-capital-a-mujer-por-desacatar-medidas-sanitarias","status":"publish","type":"post","link":"https:\/\/zonaroja.com.mx\/?p=11795","title":{"rendered":"Detienen en Oaxaca capital a mujer por desacatar medidas sanitarias"},"content":{"rendered":"\n<p>Redacci\u00f3n\/Zona\nRoja.<\/p>\n\n\n\n<p>Oaxaca de\nJu\u00e1rez, Oax. 30 de abril de 2020.- Una mujer que rompi\u00f3 la cinta que impide el\npaso al z\u00f3calo y la Alameda de Le\u00f3n y que transitaba sin cubreboca, fue\ndetenida la tarde de hoy en la ciudad de Oaxaca por elementos de la Polic\u00eda\nTur\u00edstica.<\/p>\n\n\n\n<p>En un\ncomunicado, el gobierno estatal inform\u00f3 que derivado del decreto emitido por el\ngobernador Alejandro Murat Hinojosa, y para garantizar las medidas de\nprevenci\u00f3n y combate al Covid-19, la tarde de este d\u00eda fue apercibida en la\nAlameda de Le\u00f3n la ciudadana M. R., de 40 a\u00f1os de edad, \u201cpor hacer caso omiso a\nlas medidas preventivas y alterar el orden p\u00fablico\u201d.&nbsp; <\/p>\n\n\n\n<p>Expuso que la\nUnidad de la Polic\u00eda Tur\u00edstica de la Polic\u00eda Estatal dio a conocer que esta\npersona cort\u00f3 una de las cintas amarillas que impiden el acceso al z\u00f3calo y la\nAlameda de Le\u00f3n; adem\u00e1s de no portar cubre bocas e insultar a los elementos que\nrealizaban sus labores.<\/p>\n\n\n\n<p>\u201cAl insistir\nen que acatara las medidas preventivas, gener\u00f3 un connato de violencia, por lo\nque fue apercibida, valorada medicamente y liberada posteriormente\u201d, a\u00f1adi\u00f3 en\nel comunicado.<\/p>\n\n\n\n<p>Agreg\u00f3 que la\nSecretar\u00eda de Seguridad P\u00fablica de Oaxaca (SSPO) reafirma su compromiso de\ntrabajo por la salud y seguridad de las y los oaxaque\u00f1os; \u201cpor lo que exhorta a\nla ciudadan\u00eda a seguir con las medidas que emiten las autoridades sanitarias\npara que juntos salgamos adelante\u201d.<\/p>\n","protected":false},"excerpt":{"rendered":"<p>Redacci\u00f3n\/Zona Roja. Oaxaca de Ju\u00e1rez, Oax. 30 de abril de 2020.- Una mujer que rompi\u00f3&hellip;<\/p>\n","protected":false},"author":2,"featured_media":11796,"comment_status":"closed","ping_status":"open","sticky":false,"template":"","format":"standard","meta":{"_lmt_disableupdate":"","_lmt_disable":"","_jetpack_memberships_contains_paid_content":false,"footnotes":""},"categories":[109,47],"tags":[1512],"class_list":["post-11795","post","type-post","status-publish","format-standard","has-post-thumbnail","hentry","category-minuto-a-minuto","category-zona-gris","tag-coronavirus-oaxaca"],"jetpack_featured_media_url":"https:\/\/zonaroja.com.mx\/wp-content\/uploads\/2020\/04\/PHOTO-2020-04-30-21-55-00.jpg","jetpack_sharing_enabled":true,"_links":{"self":[{"href":"https:\/\/zonaroja.com.mx\/index.php?rest_route=\/wp\/v2\/posts\/11795","targetHints":{"allow":["GET"]}}],"collection":[{"href":"https:\/\/zonaroja.com.mx\/index.php?rest_route=\/wp\/v2\/posts"}],"about":[{"href":"https:\/\/zonaroja.com.mx\/index.php?rest_route=\/wp\/v2\/types\/post"}],"author":[{"embeddable":true,"href":"https:\/\/zonaroja.com.mx\/index.php?rest_route=\/wp\/v2\/users\/2"}],"replies":[{"embeddable":true,"href":"https:\/\/zonaroja.com.mx\/index.php?rest_route=%2Fwp%2Fv2%2Fcomments&post=11795"}],"version-history":[{"count":1,"href":"https:\/\/zonaroja.com.mx\/index.php?rest_route=\/wp\/v2\/posts\/11795\/revisions"}],"predecessor-version":[{"id":11797,"href":"https:\/\/zonaroja.com.mx\/index.php?rest_route=\/wp\/v2\/posts\/11795\/revisions\/11797"}],"wp:featuredmedia":[{"embeddable":true,"href":"https:\/\/zonaroja.com.mx\/index.php?rest_route=\/wp\/v2\/media\/11796"}],"wp:attachment":[{"href":"https:\/\/zonaroja.com.mx\/index.php?rest_route=%2Fwp%2Fv2%2Fmedia&parent=11795"}],"wp:term":[{"taxonomy":"category","embeddable":true,"href":"https:\/\/zonaroja.com.mx\/index.php?rest_route=%2Fwp%2Fv2%2Fcategories&post=11795"},{"taxonomy":"post_tag","embeddable":true,"href":"https:\/\/zonaroja.com.mx\/index.php?rest_route=%2Fwp%2Fv2%2Ftags&post=11795"}],"curies":[{"name":"wp","href":"https:\/\/api.w.org\/{rel}","templated":true}]}}