{"id":11798,"date":"2020-04-30T22:07:35","date_gmt":"2020-05-01T03:07:35","guid":{"rendered":"http:\/\/www.zonaroja.com.mx\/?p=11798"},"modified":"2020-04-30T22:07:37","modified_gmt":"2020-05-01T03:07:37","slug":"registra-oaxaca-otros-ocho-casos-positivos-de-covid-19-en-un-dia","status":"publish","type":"post","link":"https:\/\/zonaroja.com.mx\/?p=11798","title":{"rendered":"Registra Oaxaca otros ocho casos positivos de Covid-19 en un d\u00eda"},"content":{"rendered":"\n<p>Redacci\u00f3n\/Zona\nRoja.<\/p>\n\n\n\n<p>Oaxaca de\nJu\u00e1rez, Oax., 30 de abril de 2020.- Al corte de este 30 de abril, y de acuerdo con\nel Comunicado T\u00e9cnico Diario, este jueves se suman ocho casos nuevos de Covid-19,\nque dan un total de 138 en todo el estado. <\/p>\n\n\n\n<p>En un\nbolet\u00edn, la dependencia Servicios de Salud de Oaxaca detall\u00f3 que de los casos\nconfirmados, la Jurisdicci\u00f3n Sanitaria n\u00famero uno Valles Centrales cuenta con\n74; le sigue la Mixteca con 25, Tuxtepec con 18, la Costa e Istmo, con 10 cada\nuno y uno en la Sierra Norte.<\/p>\n\n\n\n<p>Se\u00f1al\u00f3 que se han notificado 784 casos, de los cuales 550 han dado negativo; hay 96 sospechosos en espera de resultados por laboratorio.<\/p>\n\n\n\n<figure class=\"wp-block-image\"><img decoding=\"async\" width=\"1024\" height=\"574\" src=\"http:\/\/www.zonaroja.com.mx\/wp-content\/uploads\/2020\/04\/SSO-2-3-1024x574.jpeg\" alt=\"\" class=\"wp-image-11800\" srcset=\"https:\/\/zonaroja.com.mx\/wp-content\/uploads\/2020\/04\/SSO-2-3-1024x574.jpeg 1024w, https:\/\/zonaroja.com.mx\/wp-content\/uploads\/2020\/04\/SSO-2-3-300x168.jpeg 300w, https:\/\/zonaroja.com.mx\/wp-content\/uploads\/2020\/04\/SSO-2-3-768x431.jpeg 768w, https:\/\/zonaroja.com.mx\/wp-content\/uploads\/2020\/04\/SSO-2-3-1170x656.jpeg 1170w, https:\/\/zonaroja.com.mx\/wp-content\/uploads\/2020\/04\/SSO-2-3-585x328.jpeg 585w, https:\/\/zonaroja.com.mx\/wp-content\/uploads\/2020\/04\/SSO-2-3.jpeg 1280w\" sizes=\"(max-width: 1024px) 100vw, 1024px\" \/><\/figure>\n\n\n\n<p>De la misma\nmanera se han recuperado 83 personas y hay 19 defunciones, uno m\u00e1s que el d\u00eda\nde ayer, que corresponde a un masculino de 60 a\u00f1os con hipertensi\u00f3n arterial,\nobesidad e inmunosupresi\u00f3n, habitante de la Jurisdicci\u00f3n Sanitaria de Valles\nCentrales.<\/p>\n\n\n\n<p>A\u00f1adi\u00f3 que\nen esta Fase 3, es importante quedarse en casa y no salir a menos que sea\nindispensable como comprar alimentos o medicinas.<\/p>\n\n\n\n<p>Por lo que\nexhort\u00f3 a los grupos de 25 a 44 y 50 a 59 a\u00f1os de edad -que son los grupos\ndonde se presenta mayor n\u00famero de casos confirmados- permanecer resguardados en\nsus hogares para reducir el contagio de m\u00e1s personas.<\/p>\n\n\n\n<p>En ese sentido,\npidi\u00f3 extremar cuidados en las personas adultas mayores de 60 a\u00f1os y personas\ncon enfermedades cr\u00f3nico degenerativas, ya que lamentablemente las defunciones\nse presentan m\u00e1s en quienes tiene 65 a\u00f1os y m\u00e1s, seguido de quienes se\nencuentran entre los 50 a 59 y 60 a 64 a\u00f1os de edad.<\/p>\n","protected":false},"excerpt":{"rendered":"<p>Redacci\u00f3n\/Zona Roja. Oaxaca de Ju\u00e1rez, Oax., 30 de abril de 2020.- Al corte de este&hellip;<\/p>\n","protected":false},"author":2,"featured_media":11799,"comment_status":"closed","ping_status":"open","sticky":false,"template":"","format":"standard","meta":{"_lmt_disableupdate":"","_lmt_disable":"","_jetpack_memberships_contains_paid_content":false,"footnotes":""},"categories":[109,47],"tags":[1512],"class_list":["post-11798","post","type-post","status-publish","format-standard","has-post-thumbnail","hentry","category-minuto-a-minuto","category-zona-gris","tag-coronavirus-oaxaca"],"jetpack_featured_media_url":"https:\/\/zonaroja.com.mx\/wp-content\/uploads\/2020\/04\/SSO-1-5.jpeg","jetpack_sharing_enabled":true,"_links":{"self":[{"href":"https:\/\/zonaroja.com.mx\/index.php?rest_route=\/wp\/v2\/posts\/11798","targetHints":{"allow":["GET"]}}],"collection":[{"href":"https:\/\/zonaroja.com.mx\/index.php?rest_route=\/wp\/v2\/posts"}],"about":[{"href":"https:\/\/zonaroja.com.mx\/index.php?rest_route=\/wp\/v2\/types\/post"}],"author":[{"embeddable":true,"href":"https:\/\/zonaroja.com.mx\/index.php?rest_route=\/wp\/v2\/users\/2"}],"replies":[{"embeddable":true,"href":"https:\/\/zonaroja.com.mx\/index.php?rest_route=%2Fwp%2Fv2%2Fcomments&post=11798"}],"version-history":[{"count":1,"href":"https:\/\/zonaroja.com.mx\/index.php?rest_route=\/wp\/v2\/posts\/11798\/revisions"}],"predecessor-version":[{"id":11801,"href":"https:\/\/zonaroja.com.mx\/index.php?rest_route=\/wp\/v2\/posts\/11798\/revisions\/11801"}],"wp:featuredmedia":[{"embeddable":true,"href":"https:\/\/zonaroja.com.mx\/index.php?rest_route=\/wp\/v2\/media\/11799"}],"wp:attachment":[{"href":"https:\/\/zonaroja.com.mx\/index.php?rest_route=%2Fwp%2Fv2%2Fmedia&parent=11798"}],"wp:term":[{"taxonomy":"category","embeddable":true,"href":"https:\/\/zonaroja.com.mx\/index.php?rest_route=%2Fwp%2Fv2%2Fcategories&post=11798"},{"taxonomy":"post_tag","embeddable":true,"href":"https:\/\/zonaroja.com.mx\/index.php?rest_route=%2Fwp%2Fv2%2Ftags&post=11798"}],"curies":[{"name":"wp","href":"https:\/\/api.w.org\/{rel}","templated":true}]}}