{"id":11805,"date":"2020-05-01T07:37:52","date_gmt":"2020-05-01T12:37:52","guid":{"rendered":"http:\/\/www.zonaroja.com.mx\/?p=11805"},"modified":"2020-05-01T07:37:56","modified_gmt":"2020-05-01T12:37:56","slug":"registra-mexico-un-muerto-por-covid-19-cada-minuto","status":"publish","type":"post","link":"https:\/\/zonaroja.com.mx\/?p=11805","title":{"rendered":"Registra M\u00e9xico un muerto por Covid-19 cada minuto"},"content":{"rendered":"\n<p>Redacci\u00f3n\/Zona\nRoja.<\/p>\n\n\n\n<p>Ciudad de\nM\u00e9xico, 1 de mayo de 2020.- Entre el 29 y 30 de abril, el Covid-19 contagi\u00f3 en\npromedio a un mexicano cada minuto y de esta manera se registr\u00f3 la mayor\nincidencia de infecciones diarias desde que se detect\u00f3 el primer caso positivo,\nde acuerdo con las cifras del gobierno federal. <\/p>\n\n\n\n<p>Entre los\nreci\u00e9n contagiados se encuentran el ex secretario de Gobernaci\u00f3n, Miguel \u00c1ngel\nOsorio Chong; en tanto, se report\u00f3 el fallecimiento del cantautor \u00d3scar Ch\u00e1vez,\n&nbsp;a causa tambi\u00e9n del coronavirus.<\/p>\n\n\n\n<p>De acuerdo\ncon \u201cMilenio\u201d, justamente en el D\u00eda del Ni\u00f1o se presentaron mil 425 nuevos\ncasos positivos para sumar un acumulado de 19 mil 224 desde el 28 de febrero;\nnunca antes se hab\u00eda dado un incremento diario tan elevado como el de ayer. <\/p>\n\n\n\n<p>Desde que\ninici\u00f3 la Fase 3 de la epidemia, se tiene un promedio diario de mil 45 nuevos\ncasos, mientras que en las fases previas el promedio por d\u00eda de la fase 2 era\nde 274 nuevos contagios. <\/p>\n\n\n\n<p>La\ninformaci\u00f3n de \u201cMilenio\u201d detalla que los d\u00edas con m\u00e1s infecciones reportados\npor las autoridades son el 30 de abril, con mil 425 casos; seguido por el 24 de\nabril, con mil 239; el 28 de abril, con mil 223, y el 23 de abril, con mil 89\ndiagn\u00f3sticos positivos. <\/p>\n\n\n\n<p>El 21 de\nabril, el subsecretario de Salud, Hugo L\u00f3pez-Gatell, explic\u00f3 que en la Fase 3\nse corre un riesgo importante de que los hospitales se saturen ante el\nincremento diario de la enfermedad. <\/p>\n\n\n\n<p>\u201cLos\ncontagios no aumentan en la misma proporci\u00f3n cada d\u00eda o en el mismo n\u00famero,\nsino que se van multiplicando cada d\u00eda producto del c\u00famulo de casos que son as\u00ed\nmismo personas contagiantes, entonces se va expandiendo la epidemia\u201d, declar\u00f3.<\/p>\n\n\n\n<p>MUERTES\nAUMENTAN<\/p>\n\n\n\n<p>Tambi\u00e9n las\nmuertes han registrado un n\u00famero elevado desde que se inici\u00f3 la etapa de\nmayores contagios, pues en los \u00faltimos 10 d\u00edas se han contabilizado mil 147\ndecesos, lo cual representa una cifra mayor por 435 casos respecto a las 712\nmuertes que hab\u00eda hasta el 20 de abril pasado. <\/p>\n\n\n\n<p>Actualmente,\nlas autoridades sanitarias tienen un registro de mil 859 personas que han\nperdido la vida por covid-19, siendo el 29 de abril con m\u00e1s defunciones, al\nsumar 169 casos, refiere \u201cMilenio\u201d. <\/p>\n\n\n\n<p>En lo que\nrespecta a la jornada de ayer, el gobierno federal se\u00f1al\u00f3 que hubo 127 muertes.\nAdem\u00e1s, el pa\u00eds cuenta con una tasa de letalidad mayor a 9 por ciento en las\npersonas que contraen la enfermedad y se ubica por arriba de 6.2 por ciento que\nse promedia a escala mundial desde que el virus se propag\u00f3 desde China. <\/p>\n\n\n\n<p>De acuerdo\ncon L\u00f3pez-Gatell, el \u00edndice elevado de la letalidad se debe a que tenemos una\nepidemia de diabetes y obesidad; dos factores que predisponen un agravamiento\nde la enfermedad sin importar la edad de la persona contagiada.<\/p>\n","protected":false},"excerpt":{"rendered":"<p>Redacci\u00f3n\/Zona Roja. Ciudad de M\u00e9xico, 1 de mayo de 2020.- Entre el 29 y 30&hellip;<\/p>\n","protected":false},"author":2,"featured_media":10870,"comment_status":"closed","ping_status":"open","sticky":false,"template":"","format":"standard","meta":{"_lmt_disableupdate":"","_lmt_disable":"","_jetpack_memberships_contains_paid_content":false,"footnotes":""},"categories":[109,47],"tags":[1328],"class_list":["post-11805","post","type-post","status-publish","format-standard","has-post-thumbnail","hentry","category-minuto-a-minuto","category-zona-gris","tag-coronavirus-mexico"],"jetpack_featured_media_url":"https:\/\/zonaroja.com.mx\/wp-content\/uploads\/2020\/04\/Insumos-Covid.jpg","jetpack_sharing_enabled":true,"_links":{"self":[{"href":"https:\/\/zonaroja.com.mx\/index.php?rest_route=\/wp\/v2\/posts\/11805","targetHints":{"allow":["GET"]}}],"collection":[{"href":"https:\/\/zonaroja.com.mx\/index.php?rest_route=\/wp\/v2\/posts"}],"about":[{"href":"https:\/\/zonaroja.com.mx\/index.php?rest_route=\/wp\/v2\/types\/post"}],"author":[{"embeddable":true,"href":"https:\/\/zonaroja.com.mx\/index.php?rest_route=\/wp\/v2\/users\/2"}],"replies":[{"embeddable":true,"href":"https:\/\/zonaroja.com.mx\/index.php?rest_route=%2Fwp%2Fv2%2Fcomments&post=11805"}],"version-history":[{"count":1,"href":"https:\/\/zonaroja.com.mx\/index.php?rest_route=\/wp\/v2\/posts\/11805\/revisions"}],"predecessor-version":[{"id":11806,"href":"https:\/\/zonaroja.com.mx\/index.php?rest_route=\/wp\/v2\/posts\/11805\/revisions\/11806"}],"wp:featuredmedia":[{"embeddable":true,"href":"https:\/\/zonaroja.com.mx\/index.php?rest_route=\/wp\/v2\/media\/10870"}],"wp:attachment":[{"href":"https:\/\/zonaroja.com.mx\/index.php?rest_route=%2Fwp%2Fv2%2Fmedia&parent=11805"}],"wp:term":[{"taxonomy":"category","embeddable":true,"href":"https:\/\/zonaroja.com.mx\/index.php?rest_route=%2Fwp%2Fv2%2Fcategories&post=11805"},{"taxonomy":"post_tag","embeddable":true,"href":"https:\/\/zonaroja.com.mx\/index.php?rest_route=%2Fwp%2Fv2%2Ftags&post=11805"}],"curies":[{"name":"wp","href":"https:\/\/api.w.org\/{rel}","templated":true}]}}