{"id":11809,"date":"2020-05-01T11:31:20","date_gmt":"2020-05-01T16:31:20","guid":{"rendered":"http:\/\/www.zonaroja.com.mx\/?p=11809"},"modified":"2020-05-01T11:31:23","modified_gmt":"2020-05-01T16:31:23","slug":"en-24-horas-asesinan-a-cinco-en-oaxaca-dos-hoy-en-santa-lucia-del-camino","status":"publish","type":"post","link":"https:\/\/zonaroja.com.mx\/?p=11809","title":{"rendered":"En 24 horas, asesinan a cinco en Oaxaca; dos hoy en Santa Luc\u00eda del Camino"},"content":{"rendered":"\n<p>Redacci\u00f3n\/Zona\nRoja.<\/p>\n\n\n\n<p>Oaxaca de\nJu\u00e1rez, Oax., 1 de mayo de 2020.- Cinco personas han sido asesinadas a balazos\nen las \u00faltimas 24 horas en el estado de Oaxaca. <\/p>\n\n\n\n<p>Los dos m\u00e1s\nrecientes cr\u00edmenes ocurrieron la madrugada de hoy en un domicilio particular de\nla colonia Fernando G\u00f3mez Sandoval, perteneciente al municipio de Santa Luc\u00eda\ndel Camino, en la colindancia con la ciudad de Oaxaca.<\/p>\n\n\n\n<p>De acuerdo\ncon los primeros informes, fue alrededor de las 05:00 horas en que se recibi\u00f3\nel reporte del crimen perpetrado en un domicilio particular de la calle 5 de\nFebrero, casi esquina con prolongaci\u00f3n de Hidalgo y cerca de la avenida\nFerrocarril.<\/p>\n\n\n\n<p>De forma preliminar se inform\u00f3 que los dos hombres tiros eran taxistas, uno de los cuales de nombre Jes\u00fas Ruiz Gaspar, de 35 a\u00f1os de edad aproximadamente, muri\u00f3 al momento del ataque; mientras que Salvador Ruiz S\u00e1nchez, de 30 a\u00f1os de edad, fue trasladado al Hospital Civil de la capital, donde posteriormente perdi\u00f3 la vida. <\/p>\n\n\n\n<figure class=\"wp-block-embed-twitter wp-block-embed is-type-rich is-provider-twitter\"><div class=\"wp-block-embed__wrapper\">\n<div class=\"twitter-tweet\"><blockquote class=\"twitter-tweet\" data-lang=\"es\"><p lang=\"es\" dir=\"ltr\"><a href=\"https:\/\/twitter.com\/hashtag\/OaxacaRojo?src=hash&amp;ref_src=twsrc%5Etfw\">#OaxacaRojo<\/a><br>Grave la inseguridad en <a href=\"https:\/\/twitter.com\/MunSantaLucia?ref_src=twsrc%5Etfw\">@MunSantaLucia<\/a> que preside <a href=\"https:\/\/twitter.com\/DANTEMONTANO?ref_src=twsrc%5Etfw\">@dantemontano<\/a>; en una casa particular de la colonia Fernando G\u00f3mez Sandoval fueron asesinadas a balazos dos personas, identificadas como Jes\u00fas R. G. y Salvador R. S. <a href=\"https:\/\/t.co\/sEL5ywcnyY\">pic.twitter.com\/sEL5ywcnyY<\/a><\/p>&mdash; Zona Roja Oaxaca (@MexRoja) <a href=\"https:\/\/twitter.com\/MexRoja\/status\/1256247752285192199?ref_src=twsrc%5Etfw\">1 de mayo de 2020<\/a><\/blockquote><\/div>\n<\/div><\/figure>\n\n\n\n<p>Al lugar\narrib\u00f3 personal de la Polic\u00eda Municipal para acordonar la zona, y de la\nFiscal\u00eda General del Estado de Oaxaca para iniciar con las indagaciones de los\nhechos, sin que hasta el momento se sepa algo de los agresores.<\/p>\n\n\n\n<p>La violencia\nno ha cesado en los \u00faltimos d\u00edas, apenas ayer jueves 30 de abril dos personas\nfueron ejecutadas en San Juan Bautista Tuxtepec y una persona fue presuntamente\nplagiada a bordo de su propio veh\u00edculo en inmediaciones del fraccionamiento\n\u00c1lamos en la ciudad de Oaxaca.<\/p>\n\n\n\n<p>Ayer tambi\u00e9n\npero en la Villa de San Blas Atempa, fue asesinado un individuo identificado de\nmanera preliminar como Jos\u00e9 L. V., de 35 a\u00f1os de edad; el cuerpo fue localizado\nen un camino de terracer\u00eda hacia la localidad de Rancho Llano.<\/p>\n\n\n\n<p>Mientras que\nel mi\u00e9rcoles se registraron cinco homicidios, cuatro en la regi\u00f3n de la Costa y\nuno m\u00e1s en la capital oaxaque\u00f1a; adem\u00e1s de registrarse asaltos y dos ataques\narmados en Tuxtepec que se mantiene como una de las zonas m\u00e1s violentas de la\nentidad.<\/p>\n","protected":false},"excerpt":{"rendered":"<p>Redacci\u00f3n\/Zona Roja. Oaxaca de Ju\u00e1rez, Oax., 1 de mayo de 2020.- Cinco personas han sido&hellip;<\/p>\n","protected":false},"author":2,"featured_media":11810,"comment_status":"closed","ping_status":"open","sticky":false,"template":"","format":"standard","meta":{"_lmt_disableupdate":"","_lmt_disable":"","_jetpack_memberships_contains_paid_content":false,"footnotes":""},"categories":[109,51],"tags":[1652],"class_list":["post-11809","post","type-post","status-publish","format-standard","has-post-thumbnail","hentry","category-minuto-a-minuto","category-zona-roja","tag-ejecutados-santa-lucia-del-camino"],"jetpack_featured_media_url":"https:\/\/zonaroja.com.mx\/wp-content\/uploads\/2020\/05\/IMG_7092.png","jetpack_sharing_enabled":true,"_links":{"self":[{"href":"https:\/\/zonaroja.com.mx\/index.php?rest_route=\/wp\/v2\/posts\/11809","targetHints":{"allow":["GET"]}}],"collection":[{"href":"https:\/\/zonaroja.com.mx\/index.php?rest_route=\/wp\/v2\/posts"}],"about":[{"href":"https:\/\/zonaroja.com.mx\/index.php?rest_route=\/wp\/v2\/types\/post"}],"author":[{"embeddable":true,"href":"https:\/\/zonaroja.com.mx\/index.php?rest_route=\/wp\/v2\/users\/2"}],"replies":[{"embeddable":true,"href":"https:\/\/zonaroja.com.mx\/index.php?rest_route=%2Fwp%2Fv2%2Fcomments&post=11809"}],"version-history":[{"count":1,"href":"https:\/\/zonaroja.com.mx\/index.php?rest_route=\/wp\/v2\/posts\/11809\/revisions"}],"predecessor-version":[{"id":11811,"href":"https:\/\/zonaroja.com.mx\/index.php?rest_route=\/wp\/v2\/posts\/11809\/revisions\/11811"}],"wp:featuredmedia":[{"embeddable":true,"href":"https:\/\/zonaroja.com.mx\/index.php?rest_route=\/wp\/v2\/media\/11810"}],"wp:attachment":[{"href":"https:\/\/zonaroja.com.mx\/index.php?rest_route=%2Fwp%2Fv2%2Fmedia&parent=11809"}],"wp:term":[{"taxonomy":"category","embeddable":true,"href":"https:\/\/zonaroja.com.mx\/index.php?rest_route=%2Fwp%2Fv2%2Fcategories&post=11809"},{"taxonomy":"post_tag","embeddable":true,"href":"https:\/\/zonaroja.com.mx\/index.php?rest_route=%2Fwp%2Fv2%2Ftags&post=11809"}],"curies":[{"name":"wp","href":"https:\/\/api.w.org\/{rel}","templated":true}]}}