{"id":11815,"date":"2020-05-01T13:03:52","date_gmt":"2020-05-01T18:03:52","guid":{"rendered":"http:\/\/www.zonaroja.com.mx\/?p=11815"},"modified":"2020-05-01T13:03:55","modified_gmt":"2020-05-01T18:03:55","slug":"el-poder-judicial-gestiona-acciones-para-preliberar-a-personas-privadas-de-su-libertad","status":"publish","type":"post","link":"https:\/\/zonaroja.com.mx\/?p=11815","title":{"rendered":"El Poder Judicial gestiona acciones para preliberar a personas privadas de su libertad"},"content":{"rendered":"\n<p>Redacci\u00f3n\/Zona\nRoja.<\/p>\n\n\n\n<p>Oaxaca de\nJu\u00e1rez, Oax., 1 de mayo de 2020.- El Poder Judicial de Oaxaca realiza gestiones\npara otorgar, en fecha pr\u00f3xima, el beneficio de la preliberaci\u00f3n por razones\nhumanitarias a un grupo de personas privadas de su libertad en los centros\npenitenciarios de la entidad y que se encuentran pr\u00f3ximas a finiquitar su pena\nde prisi\u00f3n impuesta con motivo de un proceso penal.<\/p>\n\n\n\n<p>Lo anterior con\nel fin de despresurizar estos espacios ante la emergencia sanitaria causada por\nel Covid-19, inform\u00f3 en un comunicado.<\/p>\n\n\n\n<p>Indic\u00f3\nque&nbsp; por instrucci\u00f3n del magistrado\nEduardo Pinacho S\u00e1nchez, presidente del Tribunal Superior de Justicia de Oaxaca\ny del Consejo de la Judicatura, el Visitador General de esta instituci\u00f3n, Jorge\nL\u00f3pez Reyes, juezas y jueces de ejecuci\u00f3n, sostuvieron una reuni\u00f3n de trabajo\ncon representantes de la Fiscal\u00eda General de Justicia del Estado (FGEO) y de la\nDefensor\u00eda P\u00fablica del Estado con el fin de coordinar y hacer efectivo este\nesquema de libertad anticipada.<\/p>\n\n\n\n<p>As\u00ed tambi\u00e9n,\nestablecieron l\u00edneas de acci\u00f3n para que dada la contingencia por el Covid-19\npueda desahogarse el n\u00famero de personas recluidas al interior de los centros\npenitenciarios como una medida preventiva que ya ha sido considerada por\ndiversos organismos internacionales en materia de Derechos Humanos y aplicada\nen otras entidades.<\/p>\n\n\n\n<p>En las\ninstalaciones del Consejo de la Judicatura, respetando los protocolos\nsanitarios decretados por las autoridades de Salud federal y estatal, el\nVisitador General, el Vicefiscal General, Alejandro Magno Gonz\u00e1lez Antonio, y\nel coordinador de Defensores P\u00fablicos, C\u00e9sar Azpra L\u00f3pez Lena, junto con los\njueces acordaron la ruta y l\u00edneas de acci\u00f3n en la revisi\u00f3n de los expedientes\nde los posibles beneficiados.<\/p>\n\n\n\n<p>Al t\u00e9rmino\nde la reuni\u00f3n, el Visitador General, Jorge L\u00f3pez Reyes, coment\u00f3 que en Oaxaca\nexisten actualmente diez centros penitenciarios donde se encuentran cuatro mil 300\npersonas privadas de su libertad, a quienes se les debe garantizar su derecho a\nla salud e integridad, por lo cual se busca disminuir la poblaci\u00f3n\npenitenciaria a fin de contribuir en las acciones para evitar los contagios por\nCovid-19.<\/p>\n\n\n\n<p>Detall\u00f3 que\nen el an\u00e1lisis de expedientes personas sentenciadas y que se encuentran\npr\u00f3ximas a concluir la pena que se fue impuesta, se revisan de manera minuciosa\naspectos como el tipo de delito y la conducta. <\/p>\n\n\n\n<p>\u201cUno de los\ngrupos vulnerados que la sociedad y las instituciones debemos voltear a ver\ndadas las circunstancias actuales son las personas privadas de su libertad. Es\nnecesario generar acciones en pro y beneficio de ellos por la dignidad humana y\nsu derecho a la salud\u201d, dijo.<\/p>\n\n\n\n<p>El art\u00edculo\n146 de la Ley Nacional de Ejecuci\u00f3n Penal (LNEP) contempla que la autoridad\npenitenciaria, con opini\u00f3n de la Procuradur\u00eda, podr\u00e1 solicitar al Poder\nJudicial la conmutaci\u00f3n de pena, liberaci\u00f3n condicionada o liberaci\u00f3n\nanticipada de un grupo de personas sentenciadas, con base a diversos criterios,\nuno de ellos motivos humanitarios.<\/p>\n","protected":false},"excerpt":{"rendered":"<p>Redacci\u00f3n\/Zona Roja. Oaxaca de Ju\u00e1rez, Oax., 1 de mayo de 2020.- El Poder Judicial de&hellip;<\/p>\n","protected":false},"author":2,"featured_media":11816,"comment_status":"closed","ping_status":"open","sticky":false,"template":"","format":"standard","meta":{"_lmt_disableupdate":"","_lmt_disable":"","_jetpack_memberships_contains_paid_content":false,"footnotes":""},"categories":[109,46],"tags":[223],"class_list":["post-11815","post","type-post","status-publish","format-standard","has-post-thumbnail","hentry","category-minuto-a-minuto","category-zona-blanca","tag-poder-judicial-de-oaxaca"],"jetpack_featured_media_url":"https:\/\/zonaroja.com.mx\/wp-content\/uploads\/2020\/05\/REUNION-AVANCES-PRELIBERACIONES.jpg","jetpack_sharing_enabled":true,"_links":{"self":[{"href":"https:\/\/zonaroja.com.mx\/index.php?rest_route=\/wp\/v2\/posts\/11815","targetHints":{"allow":["GET"]}}],"collection":[{"href":"https:\/\/zonaroja.com.mx\/index.php?rest_route=\/wp\/v2\/posts"}],"about":[{"href":"https:\/\/zonaroja.com.mx\/index.php?rest_route=\/wp\/v2\/types\/post"}],"author":[{"embeddable":true,"href":"https:\/\/zonaroja.com.mx\/index.php?rest_route=\/wp\/v2\/users\/2"}],"replies":[{"embeddable":true,"href":"https:\/\/zonaroja.com.mx\/index.php?rest_route=%2Fwp%2Fv2%2Fcomments&post=11815"}],"version-history":[{"count":1,"href":"https:\/\/zonaroja.com.mx\/index.php?rest_route=\/wp\/v2\/posts\/11815\/revisions"}],"predecessor-version":[{"id":11817,"href":"https:\/\/zonaroja.com.mx\/index.php?rest_route=\/wp\/v2\/posts\/11815\/revisions\/11817"}],"wp:featuredmedia":[{"embeddable":true,"href":"https:\/\/zonaroja.com.mx\/index.php?rest_route=\/wp\/v2\/media\/11816"}],"wp:attachment":[{"href":"https:\/\/zonaroja.com.mx\/index.php?rest_route=%2Fwp%2Fv2%2Fmedia&parent=11815"}],"wp:term":[{"taxonomy":"category","embeddable":true,"href":"https:\/\/zonaroja.com.mx\/index.php?rest_route=%2Fwp%2Fv2%2Fcategories&post=11815"},{"taxonomy":"post_tag","embeddable":true,"href":"https:\/\/zonaroja.com.mx\/index.php?rest_route=%2Fwp%2Fv2%2Ftags&post=11815"}],"curies":[{"name":"wp","href":"https:\/\/api.w.org\/{rel}","templated":true}]}}