{"id":11824,"date":"2020-05-01T18:38:00","date_gmt":"2020-05-01T23:38:00","guid":{"rendered":"http:\/\/www.zonaroja.com.mx\/?p=11824"},"modified":"2020-05-01T18:38:02","modified_gmt":"2020-05-01T23:38:02","slug":"amplia-uabjo-suspension-de-actividades-no-esenciales-al-30-de-mayo","status":"publish","type":"post","link":"https:\/\/zonaroja.com.mx\/?p=11824","title":{"rendered":"Ampl\u00eda UABJO suspensi\u00f3n de actividades no esenciales al 30 de mayo"},"content":{"rendered":"\n<p>Redacci\u00f3n\/Zona\nRoja.<\/p>\n\n\n\n<p>Oaxaca de\nJu\u00e1rez, Oax., 1 de mayo de 2020.- La Universidad Aut\u00f3noma \u201cBenito Ju\u00e1rez\u201d de\nOaxaca inform\u00f3 la ampliaci\u00f3n del periodo de suspensi\u00f3n de actividades no\nesenciales y clases presenciales, del 1 al 30 de mayo.<\/p>\n\n\n\n<p>Lo anterior,\ndetall\u00f3 en un comunicado, como medida preventiva para disminuir el impacto de\npropagaci\u00f3n generado por el virus SARS-CoV2 (Covid-19) en la entidad oaxaque\u00f1a.<\/p>\n\n\n\n<p>As\u00ed mismo, reiter\u00f3\na la comunidad universitaria que \u201cno son vacaciones, por lo que se les exhorta\na permanecer en sus hogares, mantenerse pendientes a los comunicados oficiales\ny se exhorta docentes a y estudiantes, a continuar con las clases a distancia\u201d.<\/p>\n\n\n\n<p>Expuso que\nla determinaci\u00f3n es en cumplimiento los acuerdos por los que se modifica el\nsimilar, en el que se establecen acciones extraordinarias para atender la\nemergencia sanitaria generada por el virus SARS-CoV2 (Covid-19), de fechas 31\nde marzo de 2020 y 21 de abril de 2020, emitidos por el Secretario de Salud federal,\nJorge Carlos Alcocer Varela y publicados en el Diario Oficial de la Federaci\u00f3n\nen las mismas fechas.<\/p>\n\n\n\n<p>As\u00ed tambi\u00e9n,\npara dar cumplimiento al acuerdo de fecha 30 de abril de 2020 de la\nCoordinaci\u00f3n General de Educaci\u00f3n Media Superior y Superior, Ciencia y\nTecnolog\u00eda, y con fundamento a lo dispuesto en los art\u00edculos 4 y 73 de la\nConstituci\u00f3n Federal, 66, 79, 80 y 84 de la Constituci\u00f3n local y 5,18 y 41 de\nla Ley Org\u00e1nica de la Universidad Aut\u00f3noma \u201cBenito Ju\u00e1rez\u201d de Oaxaca.<\/p>\n","protected":false},"excerpt":{"rendered":"<p>Redacci\u00f3n\/Zona Roja. Oaxaca de Ju\u00e1rez, Oax., 1 de mayo de 2020.- La Universidad Aut\u00f3noma \u201cBenito&hellip;<\/p>\n","protected":false},"author":2,"featured_media":5409,"comment_status":"closed","ping_status":"open","sticky":false,"template":"","format":"standard","meta":{"_lmt_disableupdate":"","_lmt_disable":"","_jetpack_memberships_contains_paid_content":false,"footnotes":""},"categories":[109,47],"tags":[282],"class_list":["post-11824","post","type-post","status-publish","format-standard","has-post-thumbnail","hentry","category-minuto-a-minuto","category-zona-gris","tag-universidad-autonoma-benito-juarez-de-oaxaca"],"jetpack_featured_media_url":"https:\/\/zonaroja.com.mx\/wp-content\/uploads\/2019\/11\/Rector\u00eda-UABJO-2.jpg","jetpack_sharing_enabled":true,"_links":{"self":[{"href":"https:\/\/zonaroja.com.mx\/index.php?rest_route=\/wp\/v2\/posts\/11824","targetHints":{"allow":["GET"]}}],"collection":[{"href":"https:\/\/zonaroja.com.mx\/index.php?rest_route=\/wp\/v2\/posts"}],"about":[{"href":"https:\/\/zonaroja.com.mx\/index.php?rest_route=\/wp\/v2\/types\/post"}],"author":[{"embeddable":true,"href":"https:\/\/zonaroja.com.mx\/index.php?rest_route=\/wp\/v2\/users\/2"}],"replies":[{"embeddable":true,"href":"https:\/\/zonaroja.com.mx\/index.php?rest_route=%2Fwp%2Fv2%2Fcomments&post=11824"}],"version-history":[{"count":1,"href":"https:\/\/zonaroja.com.mx\/index.php?rest_route=\/wp\/v2\/posts\/11824\/revisions"}],"predecessor-version":[{"id":11825,"href":"https:\/\/zonaroja.com.mx\/index.php?rest_route=\/wp\/v2\/posts\/11824\/revisions\/11825"}],"wp:featuredmedia":[{"embeddable":true,"href":"https:\/\/zonaroja.com.mx\/index.php?rest_route=\/wp\/v2\/media\/5409"}],"wp:attachment":[{"href":"https:\/\/zonaroja.com.mx\/index.php?rest_route=%2Fwp%2Fv2%2Fmedia&parent=11824"}],"wp:term":[{"taxonomy":"category","embeddable":true,"href":"https:\/\/zonaroja.com.mx\/index.php?rest_route=%2Fwp%2Fv2%2Fcategories&post=11824"},{"taxonomy":"post_tag","embeddable":true,"href":"https:\/\/zonaroja.com.mx\/index.php?rest_route=%2Fwp%2Fv2%2Ftags&post=11824"}],"curies":[{"name":"wp","href":"https:\/\/api.w.org\/{rel}","templated":true}]}}