{"id":11826,"date":"2020-05-01T20:11:50","date_gmt":"2020-05-02T01:11:50","guid":{"rendered":"http:\/\/www.zonaroja.com.mx\/?p=11826"},"modified":"2020-05-01T20:12:43","modified_gmt":"2020-05-02T01:12:43","slug":"nueva-ley-de-educacion-sera-con-consenso-de-la-seccion-22-horacio-sosa","status":"publish","type":"post","link":"https:\/\/zonaroja.com.mx\/?p=11826","title":{"rendered":"Nueva Ley de Educaci\u00f3n ser\u00e1 con consenso de la Secci\u00f3n 22: Horacio Sosa"},"content":{"rendered":"\n<p>Redacci\u00f3n\/Zona\nRoja.<\/p>\n\n\n\n<p>Oaxaca de\nJu\u00e1rez, Oax., 1 de mayo de 2020.- El Congreso del Estado jam\u00e1s tomar\u00e1\ndecisiones unilaterales que lastimen la armon\u00eda y convivencia democr\u00e1tica de\nlos oaxaque\u00f1os, asever\u00f3 el presidente de la Junta de Coordinaci\u00f3n Pol\u00edtica de a\n64 Legislatura, Horacio Sosa Villavicencio.<\/p>\n\n\n\n<p>Lo anterior\ntras las declaraciones del dirigente de la Secci\u00f3n 22 del Sindicato Nacional de\nTrabajadores de la Educaci\u00f3n, Eloy L\u00f3pez Hern\u00e1ndez.<\/p>\n\n\n\n<p>\u201cLas\ndecisiones que toma el Congreso son por mayor\u00eda y siempre han buscado y seguir\u00e1\nbuscando el consenso con todos los actores involucrados en los temas cruciales\nque interesan a Oaxaca\u201d, expuso en un comunicado.<\/p>\n\n\n\n<p>Con respecto\na una iniciativa de Ley de Educaci\u00f3n para el Estado de Oaxaca, presentada este\nmi\u00e9rcoles 29 de abril en el seno de la Diputaci\u00f3n Permanente, asegur\u00f3 que la 64\nLegislatura siempre se ha guiado bajo el principio de la b\u00fasqueda de consensos.<\/p>\n\n\n\n<p>\u201cLas y los\ntrabajadores de la educaci\u00f3n son un actor clave para la construcci\u00f3n de una ley\nde educaci\u00f3n, por lo cual deben considerarse seriamente sus planteamientos\nantes de emitir la nueva ley, que abrogar\u00e1 la vigente, de 2016\u201d, indic\u00f3.<\/p>\n\n\n\n<p>Sosa\nVillavicencio destac\u00f3 la importancia de trabajar de manera conjunta para que la\nley por aprobarse no s\u00f3lo sea arm\u00f3nica con las nuevas disposiciones federales\nen la materia, sino que atienda las necesidades educativas espec\u00edficas que se\npresentan en el contexto de Oaxaca, de manera que el estado sea punta de lanza en\nla construcci\u00f3n de la \u201cNueva Escuela Mexicana\u201d prevista en la Ley General de\nEducaci\u00f3n.<\/p>\n\n\n\n<p>Expuso que\nel an\u00e1lisis y dictaminaci\u00f3n corresponde a la Comisi\u00f3n Permanente de Educaci\u00f3n,\nCiencia, Tecnolog\u00eda e Innovaci\u00f3n, y la aprobaci\u00f3n depende del acuerdo al que\nlleguen las y los 42 diputados, o en su caso la mayor\u00eda.<\/p>\n\n\n\n<p>PRESENTAN\nINICIATIVA<\/p>\n\n\n\n<p>En otro\ncomunicado, el Congreso del Estado inform\u00f3 ayer que en respuesta a las\nmodificaciones constitucionales en materia educativa a nivel federal, fue\npresentada la iniciativa de Ley de Educaci\u00f3n para el Estado de Oaxaca, que\npropone la abrogaci\u00f3n de la vigente, desde su publicaci\u00f3n el 11 de abril de\n2016, en el Peri\u00f3dico Oficial del Estado.<\/p>\n\n\n\n<p>La propuesta\nrealizada por la Comisi\u00f3n de Educaci\u00f3n, Ciencia, Tecnolog\u00eda e Innovaci\u00f3n de la 64\nLegislatura local, presentada en la sesi\u00f3n de la Diputaci\u00f3n Permanente de este\nmi\u00e9rcoles, se inscribe en el marco de armonizaci\u00f3n normativa, entre la\nlegislaci\u00f3n estatal con la federal. <\/p>\n\n\n\n<p>El documento\nplasma gran parte de las propuestas surgidas en los 37 foros que se llevaron en\nlas ocho regiones del estado, antes del a\u00f1o 2016, por parte de distintos\nsectores sociales involucrados.<\/p>\n\n\n\n<p>La diputada,\nJuana Aguilar Espinoza, presidenta de la Comisi\u00f3n legislativa, resalt\u00f3 que en\nla iniciativa participaron especialistas en la materia, al igual que\nlegisladores federales, a fin de garantizar una estricta concordancia con el\ncontenido de la Ley General de Educaci\u00f3n y la propuesta de Ley Marco de\nEducaci\u00f3n para las entidades federativas, por parte del Congreso de la Uni\u00f3n y\nla Secretar\u00eda de Educaci\u00f3n P\u00fablica.<\/p>\n","protected":false},"excerpt":{"rendered":"<p>Redacci\u00f3n\/Zona Roja. Oaxaca de Ju\u00e1rez, Oax., 1 de mayo de 2020.- El Congreso del Estado&hellip;<\/p>\n","protected":false},"author":2,"featured_media":10576,"comment_status":"closed","ping_status":"open","sticky":false,"template":"","format":"standard","meta":{"_lmt_disableupdate":"","_lmt_disable":"","_jetpack_memberships_contains_paid_content":false,"footnotes":""},"categories":[109,46],"tags":[444],"class_list":["post-11826","post","type-post","status-publish","format-standard","has-post-thumbnail","hentry","category-minuto-a-minuto","category-zona-blanca","tag-horacio-sosa-villavicencio"],"jetpack_featured_media_url":"https:\/\/zonaroja.com.mx\/wp-content\/uploads\/2020\/04\/IMG_7458.png","jetpack_sharing_enabled":true,"_links":{"self":[{"href":"https:\/\/zonaroja.com.mx\/index.php?rest_route=\/wp\/v2\/posts\/11826","targetHints":{"allow":["GET"]}}],"collection":[{"href":"https:\/\/zonaroja.com.mx\/index.php?rest_route=\/wp\/v2\/posts"}],"about":[{"href":"https:\/\/zonaroja.com.mx\/index.php?rest_route=\/wp\/v2\/types\/post"}],"author":[{"embeddable":true,"href":"https:\/\/zonaroja.com.mx\/index.php?rest_route=\/wp\/v2\/users\/2"}],"replies":[{"embeddable":true,"href":"https:\/\/zonaroja.com.mx\/index.php?rest_route=%2Fwp%2Fv2%2Fcomments&post=11826"}],"version-history":[{"count":1,"href":"https:\/\/zonaroja.com.mx\/index.php?rest_route=\/wp\/v2\/posts\/11826\/revisions"}],"predecessor-version":[{"id":11827,"href":"https:\/\/zonaroja.com.mx\/index.php?rest_route=\/wp\/v2\/posts\/11826\/revisions\/11827"}],"wp:featuredmedia":[{"embeddable":true,"href":"https:\/\/zonaroja.com.mx\/index.php?rest_route=\/wp\/v2\/media\/10576"}],"wp:attachment":[{"href":"https:\/\/zonaroja.com.mx\/index.php?rest_route=%2Fwp%2Fv2%2Fmedia&parent=11826"}],"wp:term":[{"taxonomy":"category","embeddable":true,"href":"https:\/\/zonaroja.com.mx\/index.php?rest_route=%2Fwp%2Fv2%2Fcategories&post=11826"},{"taxonomy":"post_tag","embeddable":true,"href":"https:\/\/zonaroja.com.mx\/index.php?rest_route=%2Fwp%2Fv2%2Ftags&post=11826"}],"curies":[{"name":"wp","href":"https:\/\/api.w.org\/{rel}","templated":true}]}}