{"id":11828,"date":"2020-05-01T21:10:35","date_gmt":"2020-05-02T02:10:35","guid":{"rendered":"http:\/\/www.zonaroja.com.mx\/?p=11828"},"modified":"2020-05-01T21:10:38","modified_gmt":"2020-05-02T02:10:38","slug":"por-21-meses-tuxtepec-se-mantiene-como-uno-de-los-50-mas-violentos-de-mexico","status":"publish","type":"post","link":"https:\/\/zonaroja.com.mx\/?p=11828","title":{"rendered":"Por 21 meses, Tuxtepec se mantiene como uno de los 50 m\u00e1s violentos de M\u00e9xico"},"content":{"rendered":"\n<p>Redacci\u00f3n\/Zona\nRoja.<\/p>\n\n\n\n<p>Oaxaca de\nJu\u00e1rez, Oax., 1 de mayo de 2020.- San Juan Bautista Tuxtepec, en la regi\u00f3n\nCuenca de Oaxaca, se coloca en la lista de \u201cMunicipios m\u00e1s peligrosos de abril\n2019 a marzo 2020\u201d, de acuerdo al sitio de informaci\u00f3n ElCri.men, con datos del\nSecretariado Ejecutivo del Sistema Nacional de Seguridad P\u00fablica (SESNSP).<\/p>\n\n\n\n<p>La ciudad\nubicada al norte de Oaxaca y colindante a Veracruz, se posicion\u00f3 en el lugar 36\ndel top 50, por la tasa de incidencia delictiva en homicidios dolosos durante\n11 meses; es el \u00fanico municipio de Oaxaca que destaca en el conteo.<\/p>\n\n\n\n<p>El reporte\nactualizado del sitio dedicado a la recopilaci\u00f3n de datos oficiales, revel\u00f3 que\nentre abril de 2019 y marzo de este a\u00f1o se cometieron 121 asesinatos, con una\ntasa de 71.4 por ciento con relaci\u00f3n al n\u00famero de habitantes.<\/p>\n\n\n\n<p>Este\nmunicipio de Oaxaca resalt\u00f3 en la lista sobre municipios como San Francisco del\nRinc\u00f3n, Guanajuato; Valle de Santiago, Guanajuato y Tecate, Baja California,\ncon 88, 106 y 77 asesinatos, respectivamente.<\/p>\n\n\n\n<p>San Juan\nBautista Tuxtepec ha ocupado diferentes lugares en el top 50 de los m\u00e1s\npeligrosos desde las estad\u00edsticas de por lo menos el mes de junio de 2018. <\/p>\n\n\n\n<p>De acuerdo\ncon reportes hemerogr\u00e1ficos, tan s\u00f3lo en cuatro meses de este a\u00f1o, se han\nperpetrado unos 50 cr\u00edmenes, dos de los cuales ocurrieron apenas ayer jueves.<\/p>\n","protected":false},"excerpt":{"rendered":"<p>Redacci\u00f3n\/Zona Roja. Oaxaca de Ju\u00e1rez, Oax., 1 de mayo de 2020.- San Juan Bautista Tuxtepec,&hellip;<\/p>\n","protected":false},"author":2,"featured_media":2597,"comment_status":"closed","ping_status":"open","sticky":false,"template":"","format":"standard","meta":{"_lmt_disableupdate":"","_lmt_disable":"","_jetpack_memberships_contains_paid_content":false,"footnotes":""},"categories":[109,51],"tags":[118],"class_list":["post-11828","post","type-post","status-publish","format-standard","has-post-thumbnail","hentry","category-minuto-a-minuto","category-zona-roja","tag-san-juan-bautista-tuxtepec"],"jetpack_featured_media_url":"https:\/\/zonaroja.com.mx\/wp-content\/uploads\/2019\/07\/Tuxtepec3-1.jpg","jetpack_sharing_enabled":true,"_links":{"self":[{"href":"https:\/\/zonaroja.com.mx\/index.php?rest_route=\/wp\/v2\/posts\/11828","targetHints":{"allow":["GET"]}}],"collection":[{"href":"https:\/\/zonaroja.com.mx\/index.php?rest_route=\/wp\/v2\/posts"}],"about":[{"href":"https:\/\/zonaroja.com.mx\/index.php?rest_route=\/wp\/v2\/types\/post"}],"author":[{"embeddable":true,"href":"https:\/\/zonaroja.com.mx\/index.php?rest_route=\/wp\/v2\/users\/2"}],"replies":[{"embeddable":true,"href":"https:\/\/zonaroja.com.mx\/index.php?rest_route=%2Fwp%2Fv2%2Fcomments&post=11828"}],"version-history":[{"count":1,"href":"https:\/\/zonaroja.com.mx\/index.php?rest_route=\/wp\/v2\/posts\/11828\/revisions"}],"predecessor-version":[{"id":11829,"href":"https:\/\/zonaroja.com.mx\/index.php?rest_route=\/wp\/v2\/posts\/11828\/revisions\/11829"}],"wp:featuredmedia":[{"embeddable":true,"href":"https:\/\/zonaroja.com.mx\/index.php?rest_route=\/wp\/v2\/media\/2597"}],"wp:attachment":[{"href":"https:\/\/zonaroja.com.mx\/index.php?rest_route=%2Fwp%2Fv2%2Fmedia&parent=11828"}],"wp:term":[{"taxonomy":"category","embeddable":true,"href":"https:\/\/zonaroja.com.mx\/index.php?rest_route=%2Fwp%2Fv2%2Fcategories&post=11828"},{"taxonomy":"post_tag","embeddable":true,"href":"https:\/\/zonaroja.com.mx\/index.php?rest_route=%2Fwp%2Fv2%2Ftags&post=11828"}],"curies":[{"name":"wp","href":"https:\/\/api.w.org\/{rel}","templated":true}]}}