{"id":11834,"date":"2020-05-02T07:56:56","date_gmt":"2020-05-02T12:56:56","guid":{"rendered":"http:\/\/www.zonaroja.com.mx\/?p=11834"},"modified":"2020-05-02T07:57:00","modified_gmt":"2020-05-02T12:57:00","slug":"ahora-dejan-cabeza-humana-en-via-principal-de-tuxtepec","status":"publish","type":"post","link":"https:\/\/zonaroja.com.mx\/?p=11834","title":{"rendered":"Ahora, dejan cabeza humana en v\u00eda principal de Tuxtepec"},"content":{"rendered":"\n<p>Redacci\u00f3n\/Zona\nRoja.<\/p>\n\n\n\n<p>Oaxaca de\nJu\u00e1rez, Oax., 2 de mayo de 2020.- El horror causado por el crimen organizado no\ncesa en la ciudad de San Juan Bautista.<\/p>\n\n\n\n<p>Cerca de las\ndos de la ma\u00f1ana de este s\u00e1bado, sujetos desconocidos dejaron una cabeza humana\nen la fuente \u201cLas Mariposas\u201d, ubicado en el fraccionamiento Costa Verde, donde\nadem\u00e1s colocaron una cartulina de color naranja con un mensaje.<\/p>\n\n\n\n<p>De acuerdo\ncon los informes preliminares, la v\u00edctima fue identificada como Jos\u00e9 Oswaldo\nRangel Rinc\u00f3n y a\u00fan se desconocen los motivos de la ejecuci\u00f3n, que es la n\u00famero\n53 de este a\u00f1o.<\/p>\n\n\n\n<p>Tampoco se\nha identificado el cuerpo del individuo; polic\u00edas municipales de Tuxtepec\narribaron a la zona varios minutos despu\u00e9s de colocada la cabeza sobre la\nfuente, una de las vialidades m\u00e1s transitadas.<\/p>\n","protected":false},"excerpt":{"rendered":"<p>Redacci\u00f3n\/Zona Roja. Oaxaca de Ju\u00e1rez, Oax., 2 de mayo de 2020.- El horror causado por&hellip;<\/p>\n","protected":false},"author":2,"featured_media":11835,"comment_status":"closed","ping_status":"open","sticky":false,"template":"","format":"standard","meta":{"_lmt_disableupdate":"","_lmt_disable":"","_jetpack_memberships_contains_paid_content":false,"footnotes":""},"categories":[109,51],"tags":[118],"class_list":["post-11834","post","type-post","status-publish","format-standard","has-post-thumbnail","hentry","category-minuto-a-minuto","category-zona-roja","tag-san-juan-bautista-tuxtepec"],"jetpack_featured_media_url":"https:\/\/zonaroja.com.mx\/wp-content\/uploads\/2020\/05\/PHOTO-2020-05-02-05-46-59.jpg","jetpack_sharing_enabled":true,"_links":{"self":[{"href":"https:\/\/zonaroja.com.mx\/index.php?rest_route=\/wp\/v2\/posts\/11834","targetHints":{"allow":["GET"]}}],"collection":[{"href":"https:\/\/zonaroja.com.mx\/index.php?rest_route=\/wp\/v2\/posts"}],"about":[{"href":"https:\/\/zonaroja.com.mx\/index.php?rest_route=\/wp\/v2\/types\/post"}],"author":[{"embeddable":true,"href":"https:\/\/zonaroja.com.mx\/index.php?rest_route=\/wp\/v2\/users\/2"}],"replies":[{"embeddable":true,"href":"https:\/\/zonaroja.com.mx\/index.php?rest_route=%2Fwp%2Fv2%2Fcomments&post=11834"}],"version-history":[{"count":1,"href":"https:\/\/zonaroja.com.mx\/index.php?rest_route=\/wp\/v2\/posts\/11834\/revisions"}],"predecessor-version":[{"id":11836,"href":"https:\/\/zonaroja.com.mx\/index.php?rest_route=\/wp\/v2\/posts\/11834\/revisions\/11836"}],"wp:featuredmedia":[{"embeddable":true,"href":"https:\/\/zonaroja.com.mx\/index.php?rest_route=\/wp\/v2\/media\/11835"}],"wp:attachment":[{"href":"https:\/\/zonaroja.com.mx\/index.php?rest_route=%2Fwp%2Fv2%2Fmedia&parent=11834"}],"wp:term":[{"taxonomy":"category","embeddable":true,"href":"https:\/\/zonaroja.com.mx\/index.php?rest_route=%2Fwp%2Fv2%2Fcategories&post=11834"},{"taxonomy":"post_tag","embeddable":true,"href":"https:\/\/zonaroja.com.mx\/index.php?rest_route=%2Fwp%2Fv2%2Ftags&post=11834"}],"curies":[{"name":"wp","href":"https:\/\/api.w.org\/{rel}","templated":true}]}}