{"id":11841,"date":"2020-05-02T10:31:45","date_gmt":"2020-05-02T15:31:45","guid":{"rendered":"http:\/\/www.zonaroja.com.mx\/?p=11841"},"modified":"2020-05-02T10:31:49","modified_gmt":"2020-05-02T15:31:49","slug":"por-primera-vez-mas-de-la-mitad-de-mexicanos-desaprueban-gestion-de-amlo","status":"publish","type":"post","link":"https:\/\/zonaroja.com.mx\/?p=11841","title":{"rendered":"Por primera vez, m\u00e1s de la mitad de mexicanos desaprueban gesti\u00f3n de AMLO"},"content":{"rendered":"\n<p>Redacci\u00f3n\/Zona\nRoja Cdmx.<\/p>\n\n\n\n<p>Ciudad de\nM\u00e9xico, 2 de mayo de 2020.- &nbsp;anto las\nmedidas de gobierno y de salud frente a la pandemia de coronavirus y luego\ndesde el comienzo del aislamiento, fueron reveladas a trav\u00e9s de una nueva\nConsulta Mitofsky, que dio cuenta que por primera vez el presidente Andr\u00e9s\nManuel L\u00f3pez Obrador (AMLO) alcanza una desaprobaci\u00f3n promedio del 52%, en lo\nque responde el per\u00edodo de 2018 a la fecha.<\/p>\n\n\n\n<p>De acuerdo a\nun informe period\u00edstico que revel\u00f3 los datos de la consulta, la aprobaci\u00f3n\npromedio de AMLO cay\u00f3 al 47.8%, o sea cuatro puntos porcentuales menos que en\nmarzo pasado.<\/p>\n\n\n\n<p>El informe\npublicado por \u201cEl Economista\u201d sostiene adem\u00e1s que el pico m\u00e1s alto de aval al\ngobierno lo alcanz\u00f3 en febrero del 2019, con el 67,1%.<\/p>\n\n\n\n<p>Los\nguarismos de m\u00e1s alta desaprobaci\u00f3n fueron revelados entre desempleados\n(65,3%), empresarios (61,2%), estudiantes (58,4%), profesionistas (57,7%) y\njubilados (54,5%).<\/p>\n\n\n\n<p>Respecto de\nla pregunta de si el mandatario \u201cha logrado unir al pa\u00eds\u201d, la consulta fue\ncontundente: 72.4% respondi\u00f3 que \u201cno\u201d (8 puntos porcentuales m\u00e1s que en marzo\ndel 2020), contra 27.6% que consider\u00f3 que \u201cs\u00ed\u201d.<\/p>\n\n\n\n<p>Otro de los\ndatos incluye que el 60,8% de las personas consultadas, 45,605 mexicanos\nmayores de 18 a\u00f1os con dispositivos m\u00f3viles inteligentes con acceso a Internet,\nsostiene que no se lleva bien con la clase empresarial.<\/p>\n","protected":false},"excerpt":{"rendered":"<p>Redacci\u00f3n\/Zona Roja Cdmx. Ciudad de M\u00e9xico, 2 de mayo de 2020.- &nbsp;anto las medidas de&hellip;<\/p>\n","protected":false},"author":2,"featured_media":11842,"comment_status":"closed","ping_status":"open","sticky":false,"template":"","format":"standard","meta":{"_lmt_disableupdate":"","_lmt_disable":"","_jetpack_memberships_contains_paid_content":false,"footnotes":""},"categories":[109,47],"tags":[143],"class_list":["post-11841","post","type-post","status-publish","format-standard","has-post-thumbnail","hentry","category-minuto-a-minuto","category-zona-gris","tag-andres-manuel-lopez-obrador"],"jetpack_featured_media_url":"https:\/\/zonaroja.com.mx\/wp-content\/uploads\/2020\/05\/L\u00f3pez-Obrador.jpg","jetpack_sharing_enabled":true,"_links":{"self":[{"href":"https:\/\/zonaroja.com.mx\/index.php?rest_route=\/wp\/v2\/posts\/11841","targetHints":{"allow":["GET"]}}],"collection":[{"href":"https:\/\/zonaroja.com.mx\/index.php?rest_route=\/wp\/v2\/posts"}],"about":[{"href":"https:\/\/zonaroja.com.mx\/index.php?rest_route=\/wp\/v2\/types\/post"}],"author":[{"embeddable":true,"href":"https:\/\/zonaroja.com.mx\/index.php?rest_route=\/wp\/v2\/users\/2"}],"replies":[{"embeddable":true,"href":"https:\/\/zonaroja.com.mx\/index.php?rest_route=%2Fwp%2Fv2%2Fcomments&post=11841"}],"version-history":[{"count":1,"href":"https:\/\/zonaroja.com.mx\/index.php?rest_route=\/wp\/v2\/posts\/11841\/revisions"}],"predecessor-version":[{"id":11843,"href":"https:\/\/zonaroja.com.mx\/index.php?rest_route=\/wp\/v2\/posts\/11841\/revisions\/11843"}],"wp:featuredmedia":[{"embeddable":true,"href":"https:\/\/zonaroja.com.mx\/index.php?rest_route=\/wp\/v2\/media\/11842"}],"wp:attachment":[{"href":"https:\/\/zonaroja.com.mx\/index.php?rest_route=%2Fwp%2Fv2%2Fmedia&parent=11841"}],"wp:term":[{"taxonomy":"category","embeddable":true,"href":"https:\/\/zonaroja.com.mx\/index.php?rest_route=%2Fwp%2Fv2%2Fcategories&post=11841"},{"taxonomy":"post_tag","embeddable":true,"href":"https:\/\/zonaroja.com.mx\/index.php?rest_route=%2Fwp%2Fv2%2Ftags&post=11841"}],"curies":[{"name":"wp","href":"https:\/\/api.w.org\/{rel}","templated":true}]}}