{"id":11844,"date":"2020-05-02T11:02:25","date_gmt":"2020-05-02T16:02:25","guid":{"rendered":"http:\/\/www.zonaroja.com.mx\/?p=11844"},"modified":"2020-05-02T11:02:28","modified_gmt":"2020-05-02T16:02:28","slug":"dice-la-seccion-22-que-apoya-la-lucha-de-trabajadores-del-sector-salud","status":"publish","type":"post","link":"https:\/\/zonaroja.com.mx\/?p=11844","title":{"rendered":"Dice la Secci\u00f3n 22 que apoya la lucha de trabajadores del sector salud"},"content":{"rendered":"\n<p>Evlin Arag\u00f3n\/Zona\nRoja<\/p>\n\n\n\n<p>Oaxaca de\nJu\u00e1rez, Oax., 2 de mayo de 2020.- \u201cQue la poblaci\u00f3n oaxaque\u00f1a no se quede sin\nel servicio de salud y alimentaci\u00f3n durante esta contingencia sanitaria\u201d.<\/p>\n\n\n\n<p>Esa es parte\nde la exigencia que incluye la dirigencia de la Secci\u00f3n 22 &#8211;adherida a la\nCoordinadora Nacional de Trabajadores de la Educaci\u00f3n&#8211; en el documento\npol\u00edtico que entregaron ayer viernes al gobernador de Oaxaca, Alejandro Murat\nHinojosa.<\/p>\n\n\n\n<p>Eloy L\u00f3pez\nHern\u00e1ndez, dirigente de la gremial magisterial, indic\u00f3 que es fundamental que\ntoda la poblaci\u00f3n oaxaque\u00f1a tenga garantizado su derecho a la salud y que los\nhospitales, cl\u00ednicas y centros m\u00e9dicos cuenten el equipo necesario para hacer\nfrente a la emergencia sanitaria que se vive en estos momentos.<\/p>\n\n\n\n<p>\u201cExigimos\nque todas y todos seamos atendido con respeto y dignidad, no s\u00f3lo con el tema\ndel Covid-19, sino incluso que se atienda la falta de alimentos que se est\u00e1\ngenerando en estos momentos ante la contingencia sanitaria\u201d, dijo el l\u00edder de\nla gremial.<\/p>\n\n\n\n<p>L\u00f3pez\nHern\u00e1ndez puntualiz\u00f3 que actualmente&nbsp; \u00e9l\nsector salud necesita de una inversi\u00f3n amplia y responsable por parte de las\nautoridades a fin de que nadie se quede sin la atenci\u00f3n m\u00e9dica por la\nemergencia sanitaria.<\/p>\n\n\n\n<p>As\u00ed mismo\ndetall\u00f3 que el gobierno estatal debe implementar programas emergentes que\nacerquen la alimentaci\u00f3n b\u00e1sica a las comunidades m\u00e1s alejadas, que en estos\nmomentos se est\u00e1n viendo afectadas por seguir las recomendaciones de la\nautoridad que incluyen reducir actividades fuera de sus viviendas, lo que ha\nrepercutido en la falta de insumos b\u00e1sicos para sobrevivir.<\/p>\n\n\n\n<p>\u201cEn todos\nlos poblados se han adoptado la medidas sanitarias para evitar la propagaci\u00f3n\ndel Covid-19, sin embargo ello est\u00e1 viendo mermada la adquisici\u00f3n de productos\nde la canasta b\u00e1sica por parte de las familias, lo que pone en riesgo su salud\ny su vida\u201d, se\u00f1al\u00f3.<\/p>\n\n\n\n<p>En este\nsentido denunci\u00f3 tambi\u00e9n la falta de recursos econ\u00f3micos de las personas que\nmenos tienen debido a los despidos que de forma masiva se han llevado a cabo en\nlos \u00faltimos d\u00edas ante la contingencia por Covid-19, por lo que indic\u00f3 a la\nentidad le esperan los d\u00edas m\u00e1s dif\u00edciles ante el posible colapso de la\neconom\u00eda local que debe ser atendida por la autoridad estatal de forma\nresponsable.<\/p>\n\n\n\n<p>Finalmente y\nsin olvidar el tema educativo el dirigente de la gremial rechaz\u00f3 la ley de\neducaci\u00f3n que se analiza al interior del Congreso local, la cual dijo no retoma\nel Plan para la Transformaci\u00f3n de Educaci\u00f3n en Oaxaca (Pteo), construido por el\nmagisterio desde hace a\u00f1os, mismo que han buscando imponer como eje rector del\nsector.<\/p>\n\n\n\n<p>Todo lo\nanterior qued\u00f3 estipulado en el pronunciamiento pol\u00edtico que entregaron este\nviernes al gobernador de Oaxaca, en el marco del D\u00eda del Trabajo, y que a\ndiferencia de otros a\u00f1os no se trata de un pliego petitorio, ya que&nbsp; la contingencia no permiti\u00f3 la realizaci\u00f3n de\nlos ejercicios democr\u00e1ticos por medio de los cuales se conforma de manera anual\nel documento.<\/p>\n","protected":false},"excerpt":{"rendered":"<p>Evlin Arag\u00f3n\/Zona Roja Oaxaca de Ju\u00e1rez, Oax., 2 de mayo de 2020.- \u201cQue la poblaci\u00f3n&hellip;<\/p>\n","protected":false},"author":2,"featured_media":11845,"comment_status":"closed","ping_status":"open","sticky":false,"template":"","format":"standard","meta":{"_lmt_disableupdate":"","_lmt_disable":"","_jetpack_memberships_contains_paid_content":false,"footnotes":""},"categories":[109,47],"tags":[312],"class_list":["post-11844","post","type-post","status-publish","format-standard","has-post-thumbnail","hentry","category-minuto-a-minuto","category-zona-gris","tag-seccion-22-del-snte"],"jetpack_featured_media_url":"https:\/\/zonaroja.com.mx\/wp-content\/uploads\/2020\/05\/IMG_7330.jpg","jetpack_sharing_enabled":true,"_links":{"self":[{"href":"https:\/\/zonaroja.com.mx\/index.php?rest_route=\/wp\/v2\/posts\/11844","targetHints":{"allow":["GET"]}}],"collection":[{"href":"https:\/\/zonaroja.com.mx\/index.php?rest_route=\/wp\/v2\/posts"}],"about":[{"href":"https:\/\/zonaroja.com.mx\/index.php?rest_route=\/wp\/v2\/types\/post"}],"author":[{"embeddable":true,"href":"https:\/\/zonaroja.com.mx\/index.php?rest_route=\/wp\/v2\/users\/2"}],"replies":[{"embeddable":true,"href":"https:\/\/zonaroja.com.mx\/index.php?rest_route=%2Fwp%2Fv2%2Fcomments&post=11844"}],"version-history":[{"count":1,"href":"https:\/\/zonaroja.com.mx\/index.php?rest_route=\/wp\/v2\/posts\/11844\/revisions"}],"predecessor-version":[{"id":11846,"href":"https:\/\/zonaroja.com.mx\/index.php?rest_route=\/wp\/v2\/posts\/11844\/revisions\/11846"}],"wp:featuredmedia":[{"embeddable":true,"href":"https:\/\/zonaroja.com.mx\/index.php?rest_route=\/wp\/v2\/media\/11845"}],"wp:attachment":[{"href":"https:\/\/zonaroja.com.mx\/index.php?rest_route=%2Fwp%2Fv2%2Fmedia&parent=11844"}],"wp:term":[{"taxonomy":"category","embeddable":true,"href":"https:\/\/zonaroja.com.mx\/index.php?rest_route=%2Fwp%2Fv2%2Fcategories&post=11844"},{"taxonomy":"post_tag","embeddable":true,"href":"https:\/\/zonaroja.com.mx\/index.php?rest_route=%2Fwp%2Fv2%2Ftags&post=11844"}],"curies":[{"name":"wp","href":"https:\/\/api.w.org\/{rel}","templated":true}]}}