{"id":11847,"date":"2020-05-02T12:32:48","date_gmt":"2020-05-02T17:32:48","guid":{"rendered":"http:\/\/www.zonaroja.com.mx\/?p=11847"},"modified":"2020-05-02T12:32:52","modified_gmt":"2020-05-02T17:32:52","slug":"quitan-a-director-del-hospital-civil-por-desmentir-al-gobernador-rechazan-imposicion","status":"publish","type":"post","link":"https:\/\/zonaroja.com.mx\/?p=11847","title":{"rendered":"Quitan a director del Hospital Civil por desmentir al gobernador; rechazan imposici\u00f3n"},"content":{"rendered":"\n<p>Yuridiana\nSosa \/Zona Roja.<\/p>\n\n\n\n<p>Oaxaca de\nJu\u00e1rez, Oax., 2 de mayo de 2020.- Por haber refutado al gobernador Alejandro\nMurat Hinojosa, quien denunci\u00f3 robo de materiales, fue cesado el director del\nHospital Civil \u201cDr. Aurelio Valdivieso\u201d de la ciudad de Oaxaca, Ernesto Garz\u00f3n.<\/p>\n\n\n\n<p>No obstante,\nla medida fue calificada como un acto de represi\u00f3n y hostigamiento por parte de\nla base trabajadora, que en asamblea rechaz\u00f3 el nombramiento de Jes\u00fas Alejandro\nRam\u00edrez Figueroa como nuevo director por parte de los Servicios de Salud de\nOaxaca (SSO).<\/p>\n\n\n\n<p>Esta ma\u00f1ana\nse dio a conocer una minuta de acuerda firmada por el Consejo T\u00e9cnico del\nhospital, en que otorgan \u201cel respaldo total y absoluto\u201d al doctor Ernesto\nGarz\u00f3n. Adem\u00e1s, solicitan la presencia inmediata del titular de los SSO, Donato\nCasas Escamilla, con el fin de que aclare la situaci\u00f3n.<\/p>\n\n\n\n<p>El\nsecretario general de la Subsecci\u00f3n 07, de la Secci\u00f3n 35 del Sindicato Nacional\nde Trabajadores de Salud (SNTSA), Alberto V\u00e1squez San Germ\u00e1n, se\u00f1al\u00f3 que el\nConsejo T\u00e9cnico determin\u00f3 en reuni\u00f3n de esta ma\u00f1ana no aceptar la imposici\u00f3n\ndel Gobierno del Estado ejecutada este 1 de mayo, por lo que el personal sigue\nen reconocimiento de la labor de Ernesto Garz\u00f3n S\u00e1nchez. <\/p>\n\n\n\n<p>Hasta el momento, dijo, la directiva del hospital no cuenta con ning\u00fan documento que avale la renuncia de Garz\u00f3n S\u00e1nchez, quien se encuentra al frente del nosocomio desde hace poco m\u00e1s de dos a\u00f1os; fue designado el 20 de diciembre de 2017.<\/p>\n\n\n\n<figure class=\"wp-block-image\"><img decoding=\"async\" width=\"1024\" height=\"494\" src=\"http:\/\/www.zonaroja.com.mx\/wp-content\/uploads\/2020\/05\/IMG_7344-1024x494.jpg\" alt=\"\" class=\"wp-image-11848\" srcset=\"https:\/\/zonaroja.com.mx\/wp-content\/uploads\/2020\/05\/IMG_7344-1024x494.jpg 1024w, https:\/\/zonaroja.com.mx\/wp-content\/uploads\/2020\/05\/IMG_7344-300x145.jpg 300w, https:\/\/zonaroja.com.mx\/wp-content\/uploads\/2020\/05\/IMG_7344-768x370.jpg 768w, https:\/\/zonaroja.com.mx\/wp-content\/uploads\/2020\/05\/IMG_7344-1170x564.jpg 1170w, https:\/\/zonaroja.com.mx\/wp-content\/uploads\/2020\/05\/IMG_7344-585x282.jpg 585w, https:\/\/zonaroja.com.mx\/wp-content\/uploads\/2020\/05\/IMG_7344.jpg 1280w\" sizes=\"(max-width: 1024px) 100vw, 1024px\" \/><\/figure>\n\n\n\n<p>El\nrepresentante sindical indic\u00f3 que la elecci\u00f3n del director de este nosocomio se\nrealiza por medio de un Consejo T\u00e9cnico y como requisito debe ser de la base\ntrabajadora, pues son los que conocen las necesidades del hospital, as\u00ed como su\ndesempe\u00f1o puede ser juzgado o reconocidos tras culminar su cargo.<\/p>\n\n\n\n<p>Para la base\ntrabajadora, la intensi\u00f3n de los Servicios de Salud de Oaxaca de sustituir a\nGarz\u00f3n S\u00e1nchez es un acto de represi\u00f3n en su contra, luego que el director\naclar\u00f3 que en el hospital no existi\u00f3 el robo de equipo m\u00e9dico para combatir el\nCovid-19, as\u00ed como se\u00f1al\u00f3 que no hab\u00edan recibido insumos para enfrentar la\ncontingencia.<\/p>\n\n\n\n<p>\u201cQuieren un\ndirector sumiso, que no reclame, como la hecho el actual\u201d, dijo el subdelegado\nde la Secci\u00f3n 35 del SNTSA.<\/p>\n\n\n\n<p>Agreg\u00f3 que\nJes\u00fas Alejandro Ram\u00edrez Figueroa no cuenta con la calidad moral para dirigir el\nnosocomio m\u00e1s grande del estado.<\/p>\n\n\n\n<p>El m\u00e9dico\nfue destituido recientemente como director del hospital de Salina Cruz,\npertenecientes a los Servicios de Salud de Oaxaca, luego de ser se\u00f1alado por la\nbase trabajadora de negligencia en sus capacidades para resolver los problemas\ny necesidades en el centro m\u00e9dico.<\/p>\n","protected":false},"excerpt":{"rendered":"<p>Yuridiana Sosa \/Zona Roja. Oaxaca de Ju\u00e1rez, Oax., 2 de mayo de 2020.- Por haber&hellip;<\/p>\n","protected":false},"author":2,"featured_media":4363,"comment_status":"closed","ping_status":"open","sticky":false,"template":"","format":"standard","meta":{"_lmt_disableupdate":"","_lmt_disable":"","_jetpack_memberships_contains_paid_content":false,"footnotes":""},"categories":[109,47],"tags":[781],"class_list":["post-11847","post","type-post","status-publish","format-standard","has-post-thumbnail","hentry","category-minuto-a-minuto","category-zona-gris","tag-hospital-civil-dr-aurelio-valdivieso-de-oaxaca"],"jetpack_featured_media_url":"https:\/\/zonaroja.com.mx\/wp-content\/uploads\/2019\/09\/Hospital-Civil-Oaxaca.jpg","jetpack_sharing_enabled":true,"_links":{"self":[{"href":"https:\/\/zonaroja.com.mx\/index.php?rest_route=\/wp\/v2\/posts\/11847","targetHints":{"allow":["GET"]}}],"collection":[{"href":"https:\/\/zonaroja.com.mx\/index.php?rest_route=\/wp\/v2\/posts"}],"about":[{"href":"https:\/\/zonaroja.com.mx\/index.php?rest_route=\/wp\/v2\/types\/post"}],"author":[{"embeddable":true,"href":"https:\/\/zonaroja.com.mx\/index.php?rest_route=\/wp\/v2\/users\/2"}],"replies":[{"embeddable":true,"href":"https:\/\/zonaroja.com.mx\/index.php?rest_route=%2Fwp%2Fv2%2Fcomments&post=11847"}],"version-history":[{"count":1,"href":"https:\/\/zonaroja.com.mx\/index.php?rest_route=\/wp\/v2\/posts\/11847\/revisions"}],"predecessor-version":[{"id":11849,"href":"https:\/\/zonaroja.com.mx\/index.php?rest_route=\/wp\/v2\/posts\/11847\/revisions\/11849"}],"wp:featuredmedia":[{"embeddable":true,"href":"https:\/\/zonaroja.com.mx\/index.php?rest_route=\/wp\/v2\/media\/4363"}],"wp:attachment":[{"href":"https:\/\/zonaroja.com.mx\/index.php?rest_route=%2Fwp%2Fv2%2Fmedia&parent=11847"}],"wp:term":[{"taxonomy":"category","embeddable":true,"href":"https:\/\/zonaroja.com.mx\/index.php?rest_route=%2Fwp%2Fv2%2Fcategories&post=11847"},{"taxonomy":"post_tag","embeddable":true,"href":"https:\/\/zonaroja.com.mx\/index.php?rest_route=%2Fwp%2Fv2%2Ftags&post=11847"}],"curies":[{"name":"wp","href":"https:\/\/api.w.org\/{rel}","templated":true}]}}