{"id":11850,"date":"2020-05-02T12:49:51","date_gmt":"2020-05-02T17:49:51","guid":{"rendered":"http:\/\/www.zonaroja.com.mx\/?p=11850"},"modified":"2020-05-02T12:49:54","modified_gmt":"2020-05-02T17:49:54","slug":"se-cumplen-100-semanas-de-impunidad-en-caso-de-fotoperiodista-asesinada","status":"publish","type":"post","link":"https:\/\/zonaroja.com.mx\/?p=11850","title":{"rendered":"Se cumplen 100 semanas de impunidad en caso de fotoperiodista asesinada"},"content":{"rendered":"\n<p>Evlin\nArag\u00f3n\/Zona Roja.<\/p>\n\n\n\n<p>Oaxaca de\nJu\u00e1rez, Oax., 2 de mayo de 2020.- \u201c100 semanas de ausencia, que se sienten en\ncada latido. 23 meses sin ti, sin tus abrazos, sin tu presencia. 700 d\u00edas de\nexpresar tu nombre, para evitar el olvido. 16 mil 800 horas de vac\u00edos y silencios\nprofundos\u201d<\/p>\n\n\n\n<p>Ese es el\nemotivo mensaje que este s\u00e1bado fue publicado por la familia de Mar\u00eda del Sol\nCruz Jarqu\u00edn, fotoperiodista oaxaque\u00f1a asesinada en Juchit\u00e1n el 2 junio del\n2018, junto con otras dos personas.<\/p>\n\n\n\n<p>\u201cM\u00e1s de un\nmill\u00f3n de minutos en los que respirar significa recordar que estamos vivas y\nque tenemos que seguir sin ti. M\u00e1s de 60 millones de segundos&#8230; todo cuenta\ncuando no tenemos tu mirada, cuando dejamos de escuchar tus sue\u00f1os. Y en todo\nese tiempo seguimos pidiendo #JusticiaParaSol\u201d, contin\u00faa.<\/p>\n\n\n\n<p>Pese a la\nsuma de semanas, meses, d\u00edas, horas y segundos que ha realizado la familia en\neste d\u00eda, el resultado sigue siendo cero justicia de parte las autoridades\nestatales que no han podido y al parecer tampoco querido, resolver un caso\nlleno de irregularidades y que est\u00e1 a punto de cumplir dos a\u00f1os de una\nvergonzosa impunidad.<\/p>\n\n\n\n<p>La falta de\ninter\u00e9s por parte de la Fiscal\u00eda General de Justicia de Oaxaca ha sido descrita\npor la periodista Soledad Jarqu\u00edn, madre de la joven asesinada, como una\ntortura emocional que la mantiene constantemente en exigencia de una correcta\naplicaci\u00f3n de justicia en la entidad oaxaque\u00f1a.<\/p>\n\n\n\n<p>Apenas en el mes de febrero pospusieron de nueva cuenta la audiencia intermedia en la que la Fiscal\u00eda presentar\u00eda pruebas en contra del \u00fanico inculpado por el caso Jeh\u00fa E.H.C., lo anterior debido a que por \u201cfallas t\u00e9cnicas\u201d no pudo concretarse en una segunda fecha y se pospuso una vez m\u00e1s.<\/p>\n\n\n\n<figure class=\"wp-block-embed-twitter wp-block-embed is-type-rich is-provider-twitter\"><div class=\"wp-block-embed__wrapper\">\n<div class=\"twitter-tweet\"><blockquote class=\"twitter-tweet\" data-lang=\"es\"><p lang=\"und\" dir=\"ltr\"><a href=\"https:\/\/twitter.com\/hashtag\/100semanas?src=hash&amp;ref_src=twsrc%5Etfw\">#100semanas<\/a> <a href=\"https:\/\/twitter.com\/hashtag\/JusticiaParaSol?src=hash&amp;ref_src=twsrc%5Etfw\">#JusticiaParaSol<\/a> <a href=\"https:\/\/twitter.com\/alejandromurat?ref_src=twsrc%5Etfw\">@AlejandroMurat<\/a><a href=\"https:\/\/twitter.com\/FISCALIA_GobOax?ref_src=twsrc%5Etfw\">@FISCALIA_GobOax<\/a> <a href=\"https:\/\/twitter.com\/wzuloag?ref_src=twsrc%5Etfw\">@wzuloag<\/a> <a href=\"https:\/\/twitter.com\/consorciooaxaca?ref_src=twsrc%5Etfw\">@consorciooaxaca<\/a> <a href=\"https:\/\/twitter.com\/ONUMujeresMX?ref_src=twsrc%5Etfw\">@ONUMujeresMX<\/a> <a href=\"https:\/\/twitter.com\/M_OlgaSCordero?ref_src=twsrc%5Etfw\">@M_OlgaSCordero<\/a> <a href=\"https:\/\/twitter.com\/Gelosnivon?ref_src=twsrc%5Etfw\">@Gelosnivon<\/a> <a href=\"https:\/\/twitter.com\/MexRoja?ref_src=twsrc%5Etfw\">@MexRoja<\/a> <a href=\"https:\/\/twitter.com\/rosyramales?ref_src=twsrc%5Etfw\">@rosyramales<\/a> <a href=\"https:\/\/twitter.com\/olgarosario?ref_src=twsrc%5Etfw\">@olgarosario<\/a> <a href=\"https:\/\/twitter.com\/portalpagina3?ref_src=twsrc%5Etfw\">@portalpagina3<\/a> <a href=\"https:\/\/twitter.com\/SemMexico?ref_src=twsrc%5Etfw\">@SemMexico<\/a> <a href=\"https:\/\/twitter.com\/GES_Mujer?ref_src=twsrc%5Etfw\">@GES_Mujer<\/a> <a href=\"https:\/\/twitter.com\/FloraGutierrez1?ref_src=twsrc%5Etfw\">@FloraGutierrez1<\/a> <a href=\"https:\/\/twitter.com\/RChimalli?ref_src=twsrc%5Etfw\">@RChimalli<\/a> <a href=\"https:\/\/twitter.com\/sofyvaldivia?ref_src=twsrc%5Etfw\">@sofyvaldivia<\/a> <a href=\"https:\/\/twitter.com\/jaquecampbell?ref_src=twsrc%5Etfw\">@jaquecampbell<\/a> <a href=\"https:\/\/t.co\/TEoZU3PfwF\">pic.twitter.com\/TEoZU3PfwF<\/a><\/p>&mdash; Soledad Jarqu\u00edn (@jarquinedgar) <a href=\"https:\/\/twitter.com\/jarquinedgar\/status\/1256592258218016770?ref_src=twsrc%5Etfw\">2 de mayo de 2020<\/a><\/blockquote><\/div>\n<\/div><\/figure>\n\n\n\n<p>En el 2018 y\na sus 27 a\u00f1os \u201cSolecito\u201d fue obligada -violando la ley electoral- por el\npriista Francisco Montero L\u00f3pez, titular en ese momento de la Secretaria de\nAsuntos Ind\u00edgenas, a cubrir la campa\u00f1a pol\u00edtica de su hermano Hageo en Juchit\u00e1n\nde Zaragoza, lugar en el que fue abatida, con armas de alto poder.<\/p>\n\n\n\n<p>Pese a la\nnotoria violaci\u00f3n a la ley electoral, la Fiscal\u00eda Especializada en Delitos\nElectorales, a cargo de Araceli Pinelo L\u00f3pez, no judicializ\u00f3 hasta un a\u00f1o\ndespu\u00e9s los hechos, al igual que est\u00e1 pendiente la denuncia por robo del equipo\npropiedad de la joven fot\u00f3grafa, que fue hurtado de su habitaci\u00f3n despu\u00e9s de\nque fuera asesinada.<\/p>\n\n\n\n<p>Sol Jarqu\u00edn,\nla reconocida periodista y madre de la joven ha dejado al descubierto la\nobstrucci\u00f3n de la justicia, que se hace evidente al no dar cumplimiento a las\nsentencias de los tribunales electorales que han determinado responsabilidad en\nel caso por parte de los hermanos Montero L\u00f3pez, uno de los cuales se mantiene\nen el cargo como regidor de Juchit\u00e1n.<\/p>\n\n\n\n<p>\u201cExisten\nelementos suficientes, pero no ha sucedido nada concreto, lo que revela una\nactuaci\u00f3n omisa por parte de la Fiscal\u00eda Especializada en Delitos Electorales,\nque tendr\u00eda que ser considerada como obstrucci\u00f3n de la justicia en franca\nprotecci\u00f3n a los hermanos Montero L\u00f3pez\u201d, ha declarado en ocasiones previas la\nperiodista en las que tambi\u00e9n ha referido la protecci\u00f3n que ambos personajes\ntienen por parte del gobierno de Alejandro Murat.<\/p>\n\n\n\n<p>Tres delitos\npendientes de resolver en este caso por parte de la Fiscal\u00eda, tres delitos en\nlos que reina la impunidad y la complicidad de parte de las autoridades\nestatales. A 100 semanas del ataque armado que le arrebat\u00f3 la vida, la justicia\na\u00fan no llega para Sol y su familia.<\/p>\n","protected":false},"excerpt":{"rendered":"<p>Evlin Arag\u00f3n\/Zona Roja. Oaxaca de Ju\u00e1rez, Oax., 2 de mayo de 2020.- \u201c100 semanas de&hellip;<\/p>\n","protected":false},"author":2,"featured_media":9498,"comment_status":"closed","ping_status":"open","sticky":false,"template":"","format":"standard","meta":{"_lmt_disableupdate":"","_lmt_disable":"","_jetpack_memberships_contains_paid_content":false,"footnotes":""},"categories":[109,47],"tags":[1059],"class_list":["post-11850","post","type-post","status-publish","format-standard","has-post-thumbnail","hentry","category-minuto-a-minuto","category-zona-gris","tag-maria-del-sol-cruz-jarquin"],"jetpack_featured_media_url":"https:\/\/zonaroja.com.mx\/wp-content\/uploads\/2020\/03\/Justicia-para-Sol-1.png","jetpack_sharing_enabled":true,"_links":{"self":[{"href":"https:\/\/zonaroja.com.mx\/index.php?rest_route=\/wp\/v2\/posts\/11850","targetHints":{"allow":["GET"]}}],"collection":[{"href":"https:\/\/zonaroja.com.mx\/index.php?rest_route=\/wp\/v2\/posts"}],"about":[{"href":"https:\/\/zonaroja.com.mx\/index.php?rest_route=\/wp\/v2\/types\/post"}],"author":[{"embeddable":true,"href":"https:\/\/zonaroja.com.mx\/index.php?rest_route=\/wp\/v2\/users\/2"}],"replies":[{"embeddable":true,"href":"https:\/\/zonaroja.com.mx\/index.php?rest_route=%2Fwp%2Fv2%2Fcomments&post=11850"}],"version-history":[{"count":1,"href":"https:\/\/zonaroja.com.mx\/index.php?rest_route=\/wp\/v2\/posts\/11850\/revisions"}],"predecessor-version":[{"id":11851,"href":"https:\/\/zonaroja.com.mx\/index.php?rest_route=\/wp\/v2\/posts\/11850\/revisions\/11851"}],"wp:featuredmedia":[{"embeddable":true,"href":"https:\/\/zonaroja.com.mx\/index.php?rest_route=\/wp\/v2\/media\/9498"}],"wp:attachment":[{"href":"https:\/\/zonaroja.com.mx\/index.php?rest_route=%2Fwp%2Fv2%2Fmedia&parent=11850"}],"wp:term":[{"taxonomy":"category","embeddable":true,"href":"https:\/\/zonaroja.com.mx\/index.php?rest_route=%2Fwp%2Fv2%2Fcategories&post=11850"},{"taxonomy":"post_tag","embeddable":true,"href":"https:\/\/zonaroja.com.mx\/index.php?rest_route=%2Fwp%2Fv2%2Ftags&post=11850"}],"curies":[{"name":"wp","href":"https:\/\/api.w.org\/{rel}","templated":true}]}}