{"id":11852,"date":"2020-05-02T13:14:57","date_gmt":"2020-05-02T18:14:57","guid":{"rendered":"http:\/\/www.zonaroja.com.mx\/?p=11852"},"modified":"2020-05-02T15:03:53","modified_gmt":"2020-05-02T20:03:53","slug":"exige-comuna-verificacion-en-tiendas-departamentales-que-laboran-pese-a-contingencia","status":"publish","type":"post","link":"https:\/\/zonaroja.com.mx\/?p=11852","title":{"rendered":"Exige Comuna verificaci\u00f3n en tiendas departamentales que laboran pese a contingencia"},"content":{"rendered":"\n<p>Evlin\nArag\u00f3n\/Zona Roja.<\/p>\n\n\n\n<p>Oaxaca de\nJu\u00e1rez, Oax., 2 de mayo de 2020.- Integrantes de la organizaci\u00f3n Comuna Oaxaca\nsolicitaron a las autoridades en materia de Salud y del Trabajo verificar a las\ntiendas departamentales que ante la contingencia sanitaria permanecen\nlaborando, contraviniendo la disposici\u00f3n oficial de que \u00fanicamente actividades\nprioritarias mantengan su quehacer cotidiano.<\/p>\n\n\n\n<p>De forma\nparticular refiri\u00f3 a las empresas: Elektra, Coppel, Banco Azteca, Walmart y sus\nafiliados, a donde pidieron hacer las visitas oficiales y publicar el resultado\nde su verificaci\u00f3n, bajo la consideraci\u00f3n de que el pueblo tiene derecho a la\ninformaci\u00f3n, de forma particular en este periodo de contingencia sanitaria por\nCovid-19.<\/p>\n\n\n\n<p>Lo anterior lo hicieron mediante documentos dirigidos al secretario de Salud, Donato Casas Escamilla, y al delegado en Oaxaca de la Secretaria del Trabajo, Gonzalo de Jes\u00fas Jaimes Morelos, para que en el \u00e1mbito de sus facultados realicen las verificaciones correspondientes y en caso de existir anomal\u00edas se puedan implementar las acciones correspondientes.<\/p>\n\n\n\n<figure class=\"wp-block-embed-twitter wp-block-embed is-type-rich is-provider-twitter\"><div class=\"wp-block-embed__wrapper\">\n<div class=\"twitter-tweet\"><blockquote class=\"twitter-tweet\" data-lang=\"es\"><p lang=\"es\" dir=\"ltr\">El documento correcto enviado al secretario de salud de Oaxaca <a href=\"https:\/\/twitter.com\/Donato_Casas?ref_src=twsrc%5Etfw\">@Donato_Casas<\/a> para supervisar a: COPPEL <a href=\"https:\/\/twitter.com\/Tiendas_Elektra?ref_src=twsrc%5Etfw\">@Tiendas_Elektra<\/a> <a href=\"https:\/\/twitter.com\/BancoAzteca?ref_src=twsrc%5Etfw\">@BancoAzteca<\/a> <a href=\"https:\/\/twitter.com\/WalmartMexico?ref_src=twsrc%5Etfw\">@WalmartMexico<\/a> <a href=\"https:\/\/twitter.com\/julioastillero?ref_src=twsrc%5Etfw\">@julioastillero<\/a> <a href=\"https:\/\/twitter.com\/proceso?ref_src=twsrc%5Etfw\">@proceso<\/a> <a href=\"https:\/\/twitter.com\/paezvarela?ref_src=twsrc%5Etfw\">@paezvarela<\/a> <a href=\"https:\/\/twitter.com\/May_Garcia_M?ref_src=twsrc%5Etfw\">@May_Garcia_M<\/a> <a href=\"https:\/\/twitter.com\/patibris?ref_src=twsrc%5Etfw\">@patibris<\/a> <a href=\"https:\/\/twitter.com\/Betillocruz?ref_src=twsrc%5Etfw\">@Betillocruz<\/a> <a href=\"https:\/\/twitter.com\/alvaro_delgado?ref_src=twsrc%5Etfw\">@alvaro_delgado<\/a> <a href=\"https:\/\/twitter.com\/PdPagina?ref_src=twsrc%5Etfw\">@PdPagina<\/a> <a href=\"https:\/\/twitter.com\/ELPINERO?ref_src=twsrc%5Etfw\">@ELPINERO<\/a> <a href=\"https:\/\/twitter.com\/AristeguiOnline?ref_src=twsrc%5Etfw\">@AristeguiOnline<\/a> <a href=\"https:\/\/t.co\/nVqYF8RFpb\">pic.twitter.com\/nVqYF8RFpb<\/a><\/p>&mdash; Comuna Oaxaca (@comunaoax) <a href=\"https:\/\/twitter.com\/comunaoax\/status\/1256318428182466572?ref_src=twsrc%5Etfw\">1 de mayo de 2020<\/a><\/blockquote><\/div>\n<\/div><\/figure>\n\n\n\n<p>De forma\nespec\u00edfica y tal como se expresa en el documento, la organizaci\u00f3n detall\u00f3 que\nes notorio que las tiendas Elektra contin\u00faan con la venta de electrodom\u00e9sticos,\nactividad no se\u00f1alada entre las prioridades por el gobierno federal, lo\nanterior bajo el \u00fanico argumento que al interior de las mismas instalaciones se\nencuentra el banco propiedad de la misma empresa.<\/p>\n\n\n\n<p>Pidieron\ntambi\u00e9n vigilar que las y los trabajadores de dichos establecimientos cuenten\ncon la protecci\u00f3n necesaria para evitar que se contagien y contribuir en la\npropagaci\u00f3n del virus para quienes asisten a las sucursales, de forma\nparticular verificar si son materiales otorgados por la empresa o debe ser\ncosteado por el personal.<\/p>\n\n\n\n<p>\u201cTambi\u00e9n es\np\u00fablico y notorio que no en todos los casos las personas empleadas por esas\ncompa\u00f1\u00edas los equipos adecuados y en otros casos se ha sabido que ellas mismas\ntiene que costearlo de sus propios sueldos\u201d, refiere los documentos.<\/p>\n\n\n\n<p>Por los\nanteriores, insistieron a la autoridad estatal en materia de salud y la\nrepresentaci\u00f3n en Oaxaca del \u00e1rea del trabajo federal, para que cumpliendo con\nsus obligaciones realicen las visitas, se hagan p\u00fablicos los resultados a la\nciudadan\u00eda en general y se apliquen las sanciones en caso de ser necesarias.<\/p>\n\n\n\n<p>El pasado 28\nde abril, integrantes de la misma organizaci\u00f3n clausuraron de manera simb\u00f3lica\nuna de las instalaciones de la tienda departamental propiedad del empresario\nRicardo Salinas Pliego, por mantener sus cobros y actividades comerciales no\nesenciales frente a la pandemia por Covid-19.<\/p>\n","protected":false},"excerpt":{"rendered":"<p>Evlin Arag\u00f3n\/Zona Roja. Oaxaca de Ju\u00e1rez, Oax., 2 de mayo de 2020.- Integrantes de la&hellip;<\/p>\n","protected":false},"author":2,"featured_media":11855,"comment_status":"closed","ping_status":"open","sticky":false,"template":"","format":"standard","meta":{"_lmt_disableupdate":"","_lmt_disable":"","_jetpack_memberships_contains_paid_content":false,"footnotes":""},"categories":[109,47],"tags":[847],"class_list":["post-11852","post","type-post","status-publish","format-standard","has-post-thumbnail","hentry","category-minuto-a-minuto","category-zona-gris","tag-comuna-oaxaca"],"jetpack_featured_media_url":"https:\/\/zonaroja.com.mx\/wp-content\/uploads\/2020\/05\/IMG_7361.png","jetpack_sharing_enabled":true,"_links":{"self":[{"href":"https:\/\/zonaroja.com.mx\/index.php?rest_route=\/wp\/v2\/posts\/11852","targetHints":{"allow":["GET"]}}],"collection":[{"href":"https:\/\/zonaroja.com.mx\/index.php?rest_route=\/wp\/v2\/posts"}],"about":[{"href":"https:\/\/zonaroja.com.mx\/index.php?rest_route=\/wp\/v2\/types\/post"}],"author":[{"embeddable":true,"href":"https:\/\/zonaroja.com.mx\/index.php?rest_route=\/wp\/v2\/users\/2"}],"replies":[{"embeddable":true,"href":"https:\/\/zonaroja.com.mx\/index.php?rest_route=%2Fwp%2Fv2%2Fcomments&post=11852"}],"version-history":[{"count":2,"href":"https:\/\/zonaroja.com.mx\/index.php?rest_route=\/wp\/v2\/posts\/11852\/revisions"}],"predecessor-version":[{"id":11856,"href":"https:\/\/zonaroja.com.mx\/index.php?rest_route=\/wp\/v2\/posts\/11852\/revisions\/11856"}],"wp:featuredmedia":[{"embeddable":true,"href":"https:\/\/zonaroja.com.mx\/index.php?rest_route=\/wp\/v2\/media\/11855"}],"wp:attachment":[{"href":"https:\/\/zonaroja.com.mx\/index.php?rest_route=%2Fwp%2Fv2%2Fmedia&parent=11852"}],"wp:term":[{"taxonomy":"category","embeddable":true,"href":"https:\/\/zonaroja.com.mx\/index.php?rest_route=%2Fwp%2Fv2%2Fcategories&post=11852"},{"taxonomy":"post_tag","embeddable":true,"href":"https:\/\/zonaroja.com.mx\/index.php?rest_route=%2Fwp%2Fv2%2Ftags&post=11852"}],"curies":[{"name":"wp","href":"https:\/\/api.w.org\/{rel}","templated":true}]}}