{"id":11857,"date":"2020-05-02T15:43:35","date_gmt":"2020-05-02T20:43:35","guid":{"rendered":"http:\/\/www.zonaroja.com.mx\/?p=11857"},"modified":"2020-05-02T15:43:39","modified_gmt":"2020-05-02T20:43:39","slug":"trabajadores-turisticos-claman-ayuda-a-dos-meses-sin-trabajo-por-covid","status":"publish","type":"post","link":"https:\/\/zonaroja.com.mx\/?p=11857","title":{"rendered":"Trabajadores tur\u00edsticos claman ayuda a dos meses sin trabajo, por Covid"},"content":{"rendered":"\n<p>Yuridiana\nSosa\/Zona Roja.<\/p>\n\n\n\n<p>Oaxaca de\nJu\u00e1rez, Oax., 2 de mayo de 2020.- A m\u00e1s de 60 d\u00edas sin trabajo, desde que\ncomenzaron las cancelaciones por la contingencia de Covid-19 en M\u00e9xico, cerca\nde 250 peque\u00f1os empresarios y empleados del gremio del transporte tur\u00edstico en\nOaxaca demandaron al Gobierno del Estado cr\u00e9ditos inmediatos para sobrevivir a\nla pandemia.<\/p>\n\n\n\n<p>Los\ndenominados \u201chombres cami\u00f3n\u201d, as\u00ed como mec\u00e1nicos, asistentes, entre otros\ninvolucrados de forma directa en el gremio, est\u00e1n desesperados pues a dos meses\nde no contar con ingresos s\u00f3lidos se han quedado hasta sin comer.<\/p>\n\n\n\n<p>El\nrepresentante de \u201cGrupo Tur\u00edstico de Oaxaca\u201d \u2013creando por la demanda social-,\nArmando Aquino Hern\u00e1ndez, se\u00f1al\u00f3 que el pasado 18 de abril entregaron a la\nSecretar\u00eda de Econom\u00eda de Oaxaca una solicitud para ser favorecidos con cr\u00e9ditos\no programas de apoyos accesibles para el sector, pero no han tenido respuesta.<\/p>\n\n\n\n<p>Los\nprogramas que hasta ahora existen, dice, no se ajusten a las caracter\u00edsticas de\nsus peque\u00f1as empresas, por lo que demandan al gobierno reconsiderar sus\nopciones de apoyo para aquellos que no est\u00e1n registrados ante el IMSS.<\/p>\n\n\n\n<p>\u201cNecesitamos\nalgo que nos saque del apuro, no que nos termine matando de hambre\u201d, expres\u00f3 el\npeque\u00f1o empresario ante los supuestos cr\u00e9ditos que ofrece Banco Azteca.<\/p>\n\n\n\n<p>La\ncomplicada situaci\u00f3n de los trabajadores tur\u00edsticos inici\u00f3 a finales del mes de\nfebrero con la cancelaci\u00f3n de viajes escolares, despu\u00e9s con los contratados\npara la Semana Santa y en consecuencia durante todo el mes de abril; con un\npanorama similar pronosticado para mayo.<\/p>\n\n\n\n<p>\u201cHemos\npasado por circunstancias dif\u00edciles como el 2006, u otros movimientos sociales\nen Oaxaca, pero como esto, a este grado nunca\u201d, indic\u00f3 Aquino Hern\u00e1ndez.<\/p>\n\n\n\n<p>Al paso de\nlas semanas, a este grupo se han integrado trabajadores de las distintas\nregiones de la entidad, de Valles Centrales principalmente, as\u00ed como de la\nMixteca, Cuenca e Istmo.<\/p>\n","protected":false},"excerpt":{"rendered":"<p>Yuridiana Sosa\/Zona Roja. Oaxaca de Ju\u00e1rez, Oax., 2 de mayo de 2020.- A m\u00e1s de&hellip;<\/p>\n","protected":false},"author":2,"featured_media":11858,"comment_status":"closed","ping_status":"open","sticky":false,"template":"","format":"standard","meta":{"_lmt_disableupdate":"","_lmt_disable":"","_jetpack_memberships_contains_paid_content":false,"footnotes":""},"categories":[109,47],"tags":[1512],"class_list":["post-11857","post","type-post","status-publish","format-standard","has-post-thumbnail","hentry","category-minuto-a-minuto","category-zona-gris","tag-coronavirus-oaxaca"],"jetpack_featured_media_url":"https:\/\/zonaroja.com.mx\/wp-content\/uploads\/2020\/05\/transporte.jpg","jetpack_sharing_enabled":true,"_links":{"self":[{"href":"https:\/\/zonaroja.com.mx\/index.php?rest_route=\/wp\/v2\/posts\/11857","targetHints":{"allow":["GET"]}}],"collection":[{"href":"https:\/\/zonaroja.com.mx\/index.php?rest_route=\/wp\/v2\/posts"}],"about":[{"href":"https:\/\/zonaroja.com.mx\/index.php?rest_route=\/wp\/v2\/types\/post"}],"author":[{"embeddable":true,"href":"https:\/\/zonaroja.com.mx\/index.php?rest_route=\/wp\/v2\/users\/2"}],"replies":[{"embeddable":true,"href":"https:\/\/zonaroja.com.mx\/index.php?rest_route=%2Fwp%2Fv2%2Fcomments&post=11857"}],"version-history":[{"count":1,"href":"https:\/\/zonaroja.com.mx\/index.php?rest_route=\/wp\/v2\/posts\/11857\/revisions"}],"predecessor-version":[{"id":11859,"href":"https:\/\/zonaroja.com.mx\/index.php?rest_route=\/wp\/v2\/posts\/11857\/revisions\/11859"}],"wp:featuredmedia":[{"embeddable":true,"href":"https:\/\/zonaroja.com.mx\/index.php?rest_route=\/wp\/v2\/media\/11858"}],"wp:attachment":[{"href":"https:\/\/zonaroja.com.mx\/index.php?rest_route=%2Fwp%2Fv2%2Fmedia&parent=11857"}],"wp:term":[{"taxonomy":"category","embeddable":true,"href":"https:\/\/zonaroja.com.mx\/index.php?rest_route=%2Fwp%2Fv2%2Fcategories&post=11857"},{"taxonomy":"post_tag","embeddable":true,"href":"https:\/\/zonaroja.com.mx\/index.php?rest_route=%2Fwp%2Fv2%2Ftags&post=11857"}],"curies":[{"name":"wp","href":"https:\/\/api.w.org\/{rel}","templated":true}]}}