{"id":11861,"date":"2020-05-02T18:19:50","date_gmt":"2020-05-02T23:19:50","guid":{"rendered":"https:\/\/www.zonaroja.com.mx\/?p=11861"},"modified":"2020-05-02T18:19:54","modified_gmt":"2020-05-02T23:19:54","slug":"a-quirofano-el-becario-de-tuxtepec-a-6-meses-de-accidente-reconectaran-intestino","status":"publish","type":"post","link":"https:\/\/zonaroja.com.mx\/?p=11861","title":{"rendered":"A quir\u00f3fano el becario de Tuxtepec, a 6 meses de accidente; reconectar\u00e1n intestino"},"content":{"rendered":"\n<p class=\"MsoNormal\">Yuridiana Sosa\/Zona Roja.<\/p>\n\n\n\n<p class=\"MsoNormal\">San Juan Bautista Tuxtepec, Oax., 2 de mayo 2020.- &nbsp;Pedro Lezama Hern\u00e1ndez, el becario que sufri\u00f3 un accidente por realizar actividades de alto riesgo para el ayuntamiento de San Juan Bautista Tuxtepec, ser\u00e1 intervenido en cirug\u00eda este&nbsp;<a href=\"\/\/2\">4 de mayo<\/a>&nbsp;para una reconexi\u00f3n de intestino delgado y extracci\u00f3n de ves\u00edcula biliar.<\/p>\n\n\n\n<p class=\"MsoNormal\">Esta intervenci\u00f3n es crucial para la recuperaci\u00f3n del becario de \u201cJ\u00f3venes Construyendo el Futuro\u201d luego de cinco cirug\u00edas anteriores en las que se han tratado de restablecer los \u00f3rganos da\u00f1ados en el accidente el pasado&nbsp;<a href=\"\/\/3\">19 de noviembre<\/a>, indic\u00f3 su padre, el se\u00f1or Alejandro Lezama.<\/p>\n\n\n\n<p class=\"MsoNormal\">Desde ese entonces la familia peregrin\u00f3 en al menos otros tres nosocomios en los que m\u00e9dicos desahuciaron al joven becario, quien a la fecha ha logrado avances significativos en su recuperaci\u00f3n desde su arribo al Hospital del IMSS \u201cLa Raza\u201d de la Ciudad de M\u00e9xico, el pasado&nbsp;<a href=\"\/\/4\">3 de diciembre<\/a>.<\/p>\n\n\n\n<p class=\"MsoNormal\">La primera intervenci\u00f3n se realiz\u00f3 en el Hospital de Zona 3 del IMSS en Tuxtepec para recuperar la arter\u00eda mesent\u00e9rica, ubicada en el abdomen, y el p\u00e1ncreas, da\u00f1ados en el accidente en el que una l\u00e1minas le cayeren encima.&nbsp;<\/p>\n\n\n\n<p class=\"MsoNormal\">El joven fue trasladado al hospital de Zona 1 de IMSS Oaxaca, donde fue intervenido en una cirug\u00eda de reconocimiento, en el que le diagnosticaron necrosis intestinal completa y no les dieron esperanzas de vida. Posteriormente, en el IMSS de&nbsp;<a href=\"\/\/5\">Lomas Verdes en la Ciudad de M\u00e9xico<\/a>, el diagn\u00f3stico, record\u00f3 el padre.<\/p>\n\n\n\n<p class=\"MsoNormal\">A su llegada al nosocomio de especialidades \u201cLa Raza\u201d, Pedro fue sometido a otra cirug\u00eda en la que los m\u00e9dicos apreciaron parte del intestino en buen estado; retiraron el afectado, pero por el tiempo que tard\u00f3 con el trozo da\u00f1ado se desarroll\u00f3 una bacteria por la que comenzaron un tratamiento especial y otra intervenci\u00f3n m\u00e1s.<\/p>\n\n\n\n<p class=\"MsoNormal\"><a href=\"\/\/6\">Este lunes<\/a>&nbsp;se tiene programada otra cirug\u00eda importante, en la que tambi\u00e9n extraer\u00e1n la ves\u00edcula que al paso de los meses se afect\u00f3&nbsp;y el padre s\u00f3lo pide a la poblaci\u00f3n unirse en oraci\u00f3n para que Pedro salga avante de la operaci\u00f3n, as\u00ed como regresen pronto a casa.&nbsp;<\/p>\n\n\n\n<p class=\"MsoNormal\">La vida de la familia de Pedro se traslad\u00f3 al hospital en la Ciudad de M\u00e9xico desde diciembre pasado, en donde ahora con la contingencia, permanecen con horarios restringido pero en comunicaci\u00f3n con su hijo por medio del tel\u00e9fono.&nbsp;<\/p>\n\n\n\n<p class=\"MsoNormal\">En tanto, el gobierno del M\u00e9xico no ha ofrecido informaci\u00f3n reciente sobre el caso, sobre las sanciones a las autoridades municipales por asignar tareas fuera de la reglamentaci\u00f3n del programa.<\/p>\n","protected":false},"excerpt":{"rendered":"<p>Yuridiana Sosa\/Zona Roja. San Juan Bautista Tuxtepec, Oax., 2 de mayo 2020.- &nbsp;Pedro Lezama Hern\u00e1ndez,&hellip;<\/p>\n","protected":false},"author":2,"featured_media":11860,"comment_status":"closed","ping_status":"open","sticky":false,"template":"","format":"standard","meta":{"_lmt_disableupdate":"","_lmt_disable":"","_jetpack_memberships_contains_paid_content":false,"footnotes":""},"categories":[109,46],"tags":[1064],"class_list":["post-11861","post","type-post","status-publish","format-standard","has-post-thumbnail","hentry","category-minuto-a-minuto","category-zona-blanca","tag-pedro-alberto-lezama-hernandez"],"jetpack_featured_media_url":"https:\/\/zonaroja.com.mx\/wp-content\/uploads\/2020\/05\/a262485f-c581-4c80-b9da-710eb1e4b049.jpg","jetpack_sharing_enabled":true,"_links":{"self":[{"href":"https:\/\/zonaroja.com.mx\/index.php?rest_route=\/wp\/v2\/posts\/11861","targetHints":{"allow":["GET"]}}],"collection":[{"href":"https:\/\/zonaroja.com.mx\/index.php?rest_route=\/wp\/v2\/posts"}],"about":[{"href":"https:\/\/zonaroja.com.mx\/index.php?rest_route=\/wp\/v2\/types\/post"}],"author":[{"embeddable":true,"href":"https:\/\/zonaroja.com.mx\/index.php?rest_route=\/wp\/v2\/users\/2"}],"replies":[{"embeddable":true,"href":"https:\/\/zonaroja.com.mx\/index.php?rest_route=%2Fwp%2Fv2%2Fcomments&post=11861"}],"version-history":[{"count":1,"href":"https:\/\/zonaroja.com.mx\/index.php?rest_route=\/wp\/v2\/posts\/11861\/revisions"}],"predecessor-version":[{"id":11862,"href":"https:\/\/zonaroja.com.mx\/index.php?rest_route=\/wp\/v2\/posts\/11861\/revisions\/11862"}],"wp:featuredmedia":[{"embeddable":true,"href":"https:\/\/zonaroja.com.mx\/index.php?rest_route=\/wp\/v2\/media\/11860"}],"wp:attachment":[{"href":"https:\/\/zonaroja.com.mx\/index.php?rest_route=%2Fwp%2Fv2%2Fmedia&parent=11861"}],"wp:term":[{"taxonomy":"category","embeddable":true,"href":"https:\/\/zonaroja.com.mx\/index.php?rest_route=%2Fwp%2Fv2%2Fcategories&post=11861"},{"taxonomy":"post_tag","embeddable":true,"href":"https:\/\/zonaroja.com.mx\/index.php?rest_route=%2Fwp%2Fv2%2Ftags&post=11861"}],"curies":[{"name":"wp","href":"https:\/\/api.w.org\/{rel}","templated":true}]}}