{"id":11863,"date":"2020-05-02T19:22:27","date_gmt":"2020-05-03T00:22:27","guid":{"rendered":"http:\/\/www.zonaroja.com.mx\/?p=11863"},"modified":"2020-05-02T19:22:31","modified_gmt":"2020-05-03T00:22:31","slug":"pide-congreso-a-ejecutivo-utilizar-gasto-corriente-ahorrado-para-enfrentar-el-covid","status":"publish","type":"post","link":"https:\/\/zonaroja.com.mx\/?p=11863","title":{"rendered":"Pide Congreso a Ejecutivo utilizar gasto corriente ahorrado para enfrentar el Covid"},"content":{"rendered":"\n<p>Redacci\u00f3n\/Zona\nRoja.<\/p>\n\n\n\n<p>Oaxaca de\nJu\u00e1rez, Oax. 2 de mayo de 2020-. El Congreso del Estado analiza un Punto de\nAcuerdo para exhortar al gobernador de Oaxaca, Alejandro Murat, que destine la\npartida presupuestal del gasto corriente no ejercido, para combatir el\ncoronavirus en la entidad.<\/p>\n\n\n\n<p>Lo anterior,\ncon la finalidad de adquirir equipos e instrumentales m\u00e9dicos y de laboratorio,\nmedicamentos y dem\u00e1s insumos, que son utilizados por los hospitales del estado,\nque fueron habilitados y asignados para atender a pacientes afectados por el\nCoronavirus.<\/p>\n\n\n\n<p>El\nlegislador Mauro Cruz S\u00e1nchez, quien promueve el exhorto, llam\u00f3 al titular del\nEjecutivo para que, a trav\u00e9s de la Secretar\u00eda de Finanzas, realice un an\u00e1lisis\nde los montos de las partidas presupuestales del gasto corriente, que hasta la\nfecha no han sido comprometidas ni ejercidas por las dependencias y entidades\nde la administraci\u00f3n p\u00fablica estatal que paralizaron o semiparalizaron sus\nactividades institucionales debido a la actual pandemia.<\/p>\n\n\n\n<p>En su\niniciativa, expone que mientras la mayor parte de las dependencias no pueden\noperar, en raz\u00f3n de la pandemia originada por la Covid-19, a las instituciones\nde salud p\u00fablica del estado, el trabajo y las acciones para atenderla, han\nrebasado los indicadores establecidos para la Evaluaci\u00f3n del Desempe\u00f1o en su\nPrograma Operativo Anual.<\/p>\n\n\n\n<p>Raz\u00f3n por la\ncual, consider\u00f3 importante dotarle de mayores recursos provenientes del gasto\ncorriente.<\/p>\n\n\n\n<p>La\niniciativa fue recibida por Diputaci\u00f3n Permanente del primer receso\ncorrespondiente al segundo a\u00f1o de trabajo de la LXIV Legislatura, y turnada a\nla comisi\u00f3n correspondiente para su an\u00e1lisis y aprobaci\u00f3n en su caso.<\/p>\n","protected":false},"excerpt":{"rendered":"<p>Redacci\u00f3n\/Zona Roja. Oaxaca de Ju\u00e1rez, Oax. 2 de mayo de 2020-. El Congreso del Estado&hellip;<\/p>\n","protected":false},"author":2,"featured_media":7605,"comment_status":"closed","ping_status":"open","sticky":false,"template":"","format":"standard","meta":{"_lmt_disableupdate":"","_lmt_disable":"","_jetpack_memberships_contains_paid_content":false,"footnotes":""},"categories":[109,47],"tags":[213],"class_list":["post-11863","post","type-post","status-publish","format-standard","has-post-thumbnail","hentry","category-minuto-a-minuto","category-zona-gris","tag-64-legislatura-de-oaxaca"],"jetpack_featured_media_url":"https:\/\/zonaroja.com.mx\/wp-content\/uploads\/2020\/01\/C\u00e1mara-de-Diputados-Oax-5.jpg","jetpack_sharing_enabled":true,"_links":{"self":[{"href":"https:\/\/zonaroja.com.mx\/index.php?rest_route=\/wp\/v2\/posts\/11863","targetHints":{"allow":["GET"]}}],"collection":[{"href":"https:\/\/zonaroja.com.mx\/index.php?rest_route=\/wp\/v2\/posts"}],"about":[{"href":"https:\/\/zonaroja.com.mx\/index.php?rest_route=\/wp\/v2\/types\/post"}],"author":[{"embeddable":true,"href":"https:\/\/zonaroja.com.mx\/index.php?rest_route=\/wp\/v2\/users\/2"}],"replies":[{"embeddable":true,"href":"https:\/\/zonaroja.com.mx\/index.php?rest_route=%2Fwp%2Fv2%2Fcomments&post=11863"}],"version-history":[{"count":1,"href":"https:\/\/zonaroja.com.mx\/index.php?rest_route=\/wp\/v2\/posts\/11863\/revisions"}],"predecessor-version":[{"id":11864,"href":"https:\/\/zonaroja.com.mx\/index.php?rest_route=\/wp\/v2\/posts\/11863\/revisions\/11864"}],"wp:featuredmedia":[{"embeddable":true,"href":"https:\/\/zonaroja.com.mx\/index.php?rest_route=\/wp\/v2\/media\/7605"}],"wp:attachment":[{"href":"https:\/\/zonaroja.com.mx\/index.php?rest_route=%2Fwp%2Fv2%2Fmedia&parent=11863"}],"wp:term":[{"taxonomy":"category","embeddable":true,"href":"https:\/\/zonaroja.com.mx\/index.php?rest_route=%2Fwp%2Fv2%2Fcategories&post=11863"},{"taxonomy":"post_tag","embeddable":true,"href":"https:\/\/zonaroja.com.mx\/index.php?rest_route=%2Fwp%2Fv2%2Ftags&post=11863"}],"curies":[{"name":"wp","href":"https:\/\/api.w.org\/{rel}","templated":true}]}}