{"id":11865,"date":"2020-05-02T19:57:55","date_gmt":"2020-05-03T00:57:55","guid":{"rendered":"http:\/\/www.zonaroja.com.mx\/?p=11865"},"modified":"2020-05-02T20:12:37","modified_gmt":"2020-05-03T01:12:37","slug":"denuncian-retencion-ilegal-de-9-ciudadanos-en-yosonotu","status":"publish","type":"post","link":"https:\/\/zonaroja.com.mx\/?p=11865","title":{"rendered":"Denuncian retenci\u00f3n ilegal de 9 ciudadanos en Yosonotu"},"content":{"rendered":"\n<p>Redacci\u00f3n\/Zona\nRoja.<\/p>\n\n\n\n<p>Oaxaca de\nJu\u00e1rez, Oax., 2 de mayo de 2020.- Nueve personas, entre ellas mujeres y ni\u00f1os,\nfueron encarcelados desde el martes de manera ilegal en Santa Catarina\nYosonotu, municipio de la regi\u00f3n Mixteca, y hasta hoy no han sido puestos a\ndisposici\u00f3n del Ministerio P\u00fablico.<\/p>\n\n\n\n<p>As\u00ed lo\ndenunci\u00f3 Patricia Morales S\u00e1nchez, familiar de las personas detenidas, quien es\nrespaldada por Maurilio Santiago Reyes, presidente del Centro de Derechos\nHumanos y Asesor\u00eda a Pueblos Ind\u00edgenas A.C.<\/p>\n\n\n\n<p>De acuerdo\ncon la denuncia, el pasado martes 28 de abril alrededor de las 16:00 horas,\nfueron detenidos por la polic\u00eda municipal los integrantes de una familia: Albino\nMorales S\u00e1nchez, de 65 a\u00f1os de edad; Florencia S\u00e1nchez Garc\u00eda, 65 a\u00f1os; Jes\u00fas\nMorales S\u00e1nchez, 37 a\u00f1os; Rosalba Morales S\u00e1nchez, de 28 a\u00f1os, y su hijo Mario\nAlexander S. M., de nueve a\u00f1os.<\/p>\n\n\n\n<p>Asimismo,\nNancy Morales S\u00e1nchez, de 26 a\u00f1os de edad; Eduardo Altamirano, de 30 a\u00f1os; C\u00e9sar\nMorales S\u00e1nchez, de 29 a\u00f1os, y un se\u00f1or de aproximadamente 65 a\u00f1os de edad\nconocido como \u201cEl Chino\u201d.<\/p>\n\n\n\n<p>Presuntamente\nfueron detenidos a petici\u00f3n del se\u00f1or Isidro S\u00e1nchez y se encuentran a\ndisposici\u00f3n del s\u00edndico, Agust\u00edn Morales N\u00fa\u00f1ez, y del presidente municipal,\nJos\u00e9 Aparicio Morales, de Santa Catarina Yosonotu, del distrito de Tlaxiaco.<\/p>\n\n\n\n<p>Sin embargo,\nno se les permite dar alimentos, atenci\u00f3n m\u00e9dica y adem\u00e1s ponen en riesgo de su\nintegridad f\u00edsica y psicol\u00f3gica.<\/p>\n\n\n\n<p>Luego de m\u00e1s\nde 36 horas de arresto constitucional, no los han puesto a disposici\u00f3n del\nMinisterio P\u00fablico, para que se indague si se cometieron alg\u00fan delito o en su\ndefecto los ponga en libertad.<\/p>\n\n\n\n<p>La se\u00f1ora\nPatricia Morales S\u00e1nchez, familiar de los detenidos, oportunamente dio conocimiento\nde estos hechos al agente del Ministerio P\u00fablico de la ciudad de Tlaxiaco;\nindic\u00f3 el joven Jes\u00fas Morales S\u00e1nchez se encuentra lesionado por disparo de\narma de fuego y hasta el momento no ha sido atendido medicamente.&nbsp; <\/p>\n\n\n\n<p>Ante ello,\nla familiar y el Cedhapi demandaron a la autoridad de Yosonotu poner en\nlibertad de inmediato a los detenidos.<\/p>\n","protected":false},"excerpt":{"rendered":"<p>Redacci\u00f3n\/Zona Roja. Oaxaca de Ju\u00e1rez, Oax., 2 de mayo de 2020.- Nueve personas, entre ellas&hellip;<\/p>\n","protected":false},"author":2,"featured_media":11866,"comment_status":"closed","ping_status":"open","sticky":false,"template":"","format":"standard","meta":{"_lmt_disableupdate":"","_lmt_disable":"","_jetpack_memberships_contains_paid_content":false,"footnotes":""},"categories":[109,47],"tags":[1654],"class_list":["post-11865","post","type-post","status-publish","format-standard","has-post-thumbnail","hentry","category-minuto-a-minuto","category-zona-gris","tag-santa-catarina-yosonotu"],"jetpack_featured_media_url":"https:\/\/zonaroja.com.mx\/wp-content\/uploads\/2020\/05\/Yosonotu.jpg","jetpack_sharing_enabled":true,"_links":{"self":[{"href":"https:\/\/zonaroja.com.mx\/index.php?rest_route=\/wp\/v2\/posts\/11865","targetHints":{"allow":["GET"]}}],"collection":[{"href":"https:\/\/zonaroja.com.mx\/index.php?rest_route=\/wp\/v2\/posts"}],"about":[{"href":"https:\/\/zonaroja.com.mx\/index.php?rest_route=\/wp\/v2\/types\/post"}],"author":[{"embeddable":true,"href":"https:\/\/zonaroja.com.mx\/index.php?rest_route=\/wp\/v2\/users\/2"}],"replies":[{"embeddable":true,"href":"https:\/\/zonaroja.com.mx\/index.php?rest_route=%2Fwp%2Fv2%2Fcomments&post=11865"}],"version-history":[{"count":2,"href":"https:\/\/zonaroja.com.mx\/index.php?rest_route=\/wp\/v2\/posts\/11865\/revisions"}],"predecessor-version":[{"id":11868,"href":"https:\/\/zonaroja.com.mx\/index.php?rest_route=\/wp\/v2\/posts\/11865\/revisions\/11868"}],"wp:featuredmedia":[{"embeddable":true,"href":"https:\/\/zonaroja.com.mx\/index.php?rest_route=\/wp\/v2\/media\/11866"}],"wp:attachment":[{"href":"https:\/\/zonaroja.com.mx\/index.php?rest_route=%2Fwp%2Fv2%2Fmedia&parent=11865"}],"wp:term":[{"taxonomy":"category","embeddable":true,"href":"https:\/\/zonaroja.com.mx\/index.php?rest_route=%2Fwp%2Fv2%2Fcategories&post=11865"},{"taxonomy":"post_tag","embeddable":true,"href":"https:\/\/zonaroja.com.mx\/index.php?rest_route=%2Fwp%2Fv2%2Ftags&post=11865"}],"curies":[{"name":"wp","href":"https:\/\/api.w.org\/{rel}","templated":true}]}}