{"id":11871,"date":"2020-05-02T21:06:10","date_gmt":"2020-05-03T02:06:10","guid":{"rendered":"http:\/\/www.zonaroja.com.mx\/?p=11871"},"modified":"2020-05-02T21:06:13","modified_gmt":"2020-05-03T02:06:13","slug":"ola-de-coronavirus-podria-terminar-hasta-septiembre-en-mexico","status":"publish","type":"post","link":"https:\/\/zonaroja.com.mx\/?p=11871","title":{"rendered":"Ola de coronavirus podr\u00eda terminar hasta septiembre en M\u00e9xico"},"content":{"rendered":"\n<p>Redacci\u00f3n\/Zona\nRoja Cdmx.<\/p>\n\n\n\n<p>Ciudad de\nM\u00e9xico, 2 de mayo de 2020.- La ola pand\u00e9mica del nuevo coronavirus podr\u00eda\nterminar a inicios de septiembre en M\u00e9xico, de acuerdo con un an\u00e1lisis de la\nUniversidad de Tecnolog\u00eda y Dise\u00f1o de Singapur (SUTD).<\/p>\n\n\n\n<p>Seg\u00fan\ninformaci\u00f3n publicada por el diario \u201cReforma\u201d, los investigadores advierten que\nel an\u00e1lisis se actualiza constantemente y que, como cualquier predicci\u00f3n, debe\ntomarse con cautela.<\/p>\n\n\n\n<p>De acuerdo\ncon el modelo, en M\u00e9xico el mayor pico podr\u00eda ocurrir el 4 de mayo &#8211;seg\u00fan el\ngobierno federal ser\u00eda el 6 de mayo&#8211;, para la primera semana de junio estar\u00eda\navanzada en un 97 por ciento y para la primera semana de septiembre terminar\u00eda\nla curva.<\/p>\n\n\n\n<p>\u201cLa\nevoluci\u00f3n de Covid-19 no es completamente al azar. Al igual que otras\npandemias, sigue una ciclo desde el brote hasta la fase de aceleraci\u00f3n punto de\ninflexi\u00f3n, desaceleraci\u00f3n fase y final eventual\u201d, se\u00f1ala el investigador Jianxi\nLuo en un documento sobre el proyecto, divulgado por \u201cReforma\u201d.<\/p>\n\n\n\n<p>\u201cTal ciclo\nde vida es el resultado de la adaptaci\u00f3n y la lucha, los comportamientos de los\nagentes, incluidos los individuos (evitando el contacto f\u00edsico) y los gobiernos\n(con \u00f3rdenes de confinamiento), as\u00ed como las limitaciones naturales del virus y\nnuestro ecosistema\u201d.<\/p>\n\n\n\n<p>La\nproyecci\u00f3n se realiza utilizando los datos m\u00e1s recientes de cada pa\u00eds seg\u00fan Our\nWorld in Data y con el modelo matem\u00e1tico de poblaci\u00f3n susceptible, infectada y\nrecuperada, conocido como SIR en ingl\u00e9s.<\/p>\n\n\n\n<p>\u201cDebido a\nlas realidades complejas, din\u00e1micas y heterog\u00e9neas en diferentes pa\u00edses, la\ncurva, la inflexi\u00f3n y las fechas de finalizaci\u00f3n se deben volver a estimar\ncontinuamente con los datos m\u00e1s recientes de canales oficiales todos los d\u00edas\u201d,\nadvierten en la informaci\u00f3n de \u201cReforma\u201d.<\/p>\n\n\n\n<p>Aunque la\ncurva pand\u00e9mica se refiere a esta ola del nuevo coronavirus, algunos expertos,\nincluyendo el director de los Centros de Control de Enfermedades de Estados\nUnidos, han advertido que pueden existir nuevas olas de la pandemia en los\nsiguientes meses, incluyendo una durante el invierno en el hemisferio norte. <\/p>\n\n\n\n<p>Adem\u00e1s,\nestudios en China se\u00f1alan que podr\u00eda convertirse en un virus estacional, como\nla gripe<\/p>\n","protected":false},"excerpt":{"rendered":"<p>Redacci\u00f3n\/Zona Roja Cdmx. Ciudad de M\u00e9xico, 2 de mayo de 2020.- La ola pand\u00e9mica del&hellip;<\/p>\n","protected":false},"author":2,"featured_media":11872,"comment_status":"closed","ping_status":"open","sticky":false,"template":"","format":"standard","meta":{"_lmt_disableupdate":"","_lmt_disable":"","_jetpack_memberships_contains_paid_content":false,"footnotes":""},"categories":[109,47],"tags":[1328],"class_list":["post-11871","post","type-post","status-publish","format-standard","has-post-thumbnail","hentry","category-minuto-a-minuto","category-zona-gris","tag-coronavirus-mexico"],"jetpack_featured_media_url":"https:\/\/zonaroja.com.mx\/wp-content\/uploads\/2020\/05\/slide-coronavirus.jpg","jetpack_sharing_enabled":true,"_links":{"self":[{"href":"https:\/\/zonaroja.com.mx\/index.php?rest_route=\/wp\/v2\/posts\/11871","targetHints":{"allow":["GET"]}}],"collection":[{"href":"https:\/\/zonaroja.com.mx\/index.php?rest_route=\/wp\/v2\/posts"}],"about":[{"href":"https:\/\/zonaroja.com.mx\/index.php?rest_route=\/wp\/v2\/types\/post"}],"author":[{"embeddable":true,"href":"https:\/\/zonaroja.com.mx\/index.php?rest_route=\/wp\/v2\/users\/2"}],"replies":[{"embeddable":true,"href":"https:\/\/zonaroja.com.mx\/index.php?rest_route=%2Fwp%2Fv2%2Fcomments&post=11871"}],"version-history":[{"count":1,"href":"https:\/\/zonaroja.com.mx\/index.php?rest_route=\/wp\/v2\/posts\/11871\/revisions"}],"predecessor-version":[{"id":11873,"href":"https:\/\/zonaroja.com.mx\/index.php?rest_route=\/wp\/v2\/posts\/11871\/revisions\/11873"}],"wp:featuredmedia":[{"embeddable":true,"href":"https:\/\/zonaroja.com.mx\/index.php?rest_route=\/wp\/v2\/media\/11872"}],"wp:attachment":[{"href":"https:\/\/zonaroja.com.mx\/index.php?rest_route=%2Fwp%2Fv2%2Fmedia&parent=11871"}],"wp:term":[{"taxonomy":"category","embeddable":true,"href":"https:\/\/zonaroja.com.mx\/index.php?rest_route=%2Fwp%2Fv2%2Fcategories&post=11871"},{"taxonomy":"post_tag","embeddable":true,"href":"https:\/\/zonaroja.com.mx\/index.php?rest_route=%2Fwp%2Fv2%2Ftags&post=11871"}],"curies":[{"name":"wp","href":"https:\/\/api.w.org\/{rel}","templated":true}]}}