{"id":11874,"date":"2020-05-02T21:17:01","date_gmt":"2020-05-03T02:17:01","guid":{"rendered":"http:\/\/www.zonaroja.com.mx\/?p=11874"},"modified":"2020-05-02T21:17:39","modified_gmt":"2020-05-03T02:17:39","slug":"registra-oaxaca-16-casos-nuevos-de-covid-19-en-un-dia","status":"publish","type":"post","link":"https:\/\/zonaroja.com.mx\/?p=11874","title":{"rendered":"Registra Oaxaca 16 casos nuevos de Covid-19 en un d\u00eda"},"content":{"rendered":"\n<p>Redacci\u00f3n\/Zona\nRoja.<\/p>\n\n\n\n<p>Oaxaca de Ju\u00e1rez, Oax. 2 de mayo de 2020.- Los Servicios de Salud de Oaxaca (SSO) informaron que el n\u00famero de contagios por COVID-19, pas\u00f3 de 147 a 163 casos en las \u00faltimas 24 horas, es decir, se sumaron 16 pacientes a la estad\u00edstica estatal. <\/p>\n\n\n\n<p>Expusieron\nque hasta este s\u00e1bado 2 de mayo, se notificaron dos defunciones m\u00e1s a causa de\nesta patolog\u00eda v\u00edrica, las cuales ocurrieron en la zona de Valles Centrales y en\nTuxtepec; por lo que a la fecha se contabilizan 22 muertes a causa de este\npadecimiento.<\/p>\n\n\n\n<p>Explicaron\nque una de las v\u00edctimas fatales era una persona del sexo masculino con 67 a\u00f1os\nde edad, originario del municipio de San Juan Bautista Tuxtepec, sin\nantecedentes de enfermedades subyacentes, quien fue atendido por personal del\nInstituto Mexicano del Seguro Social (IMSS) de esa localidad; sin embargo, a\npesar de los esfuerzos del personal m\u00e9dico, perdi\u00f3 la vida.<\/p>\n\n\n\n<p>La defunci\u00f3n n\u00famero 22 en el estado se trata de una mujer de 67 a\u00f1os de edad, con diagn\u00f3stico de hipertensi\u00f3n arterial y diabetes mellitus tipo II, residente del municipio de Zimatl\u00e1n de \u00c1lvarez, quien fue atendida por personal del Hospital Regional de Alta Especialidad de Oaxaca (HRAEO); desafortunadamente la patolog\u00eda infecciosa se complic\u00f3, por lo que tambi\u00e9n falleci\u00f3.<\/p>\n\n\n\n<figure class=\"wp-block-image\"><img decoding=\"async\" width=\"1024\" height=\"576\" src=\"http:\/\/www.zonaroja.com.mx\/wp-content\/uploads\/2020\/05\/SSO-2-1024x576.jpeg\" alt=\"\" class=\"wp-image-11876\" srcset=\"https:\/\/zonaroja.com.mx\/wp-content\/uploads\/2020\/05\/SSO-2-1024x576.jpeg 1024w, https:\/\/zonaroja.com.mx\/wp-content\/uploads\/2020\/05\/SSO-2-300x169.jpeg 300w, https:\/\/zonaroja.com.mx\/wp-content\/uploads\/2020\/05\/SSO-2-768x432.jpeg 768w, https:\/\/zonaroja.com.mx\/wp-content\/uploads\/2020\/05\/SSO-2-1170x658.jpeg 1170w, https:\/\/zonaroja.com.mx\/wp-content\/uploads\/2020\/05\/SSO-2-585x329.jpeg 585w, https:\/\/zonaroja.com.mx\/wp-content\/uploads\/2020\/05\/SSO-2.jpeg 1280w\" sizes=\"(max-width: 1024px) 100vw, 1024px\" \/><\/figure>\n\n\n\n<p>Se\u00f1alaron\nque a la fecha se han aplicado 832 pruebas, de las cuales 606 resultaron\nnegativas y 63 est\u00e1n en espera de resultados por laboratorio. De los 163 casos\nconfirmados, 91 se han recuperado de la enfermedad y 50 son pacientes activos,\npues se trata de las personas que enfermaron en los \u00faltimos 14 d\u00edas.<\/p>\n\n\n\n<p>Precisaron que\nde las 163 personas contagiadas desde el 13 de marzo -fecha en que se registr\u00f3\nel primer caso en la entidad- al d\u00eda de hoy, se tiene documentado que 79\npacientes han cursado los s\u00edntomas en aislamiento domiciliario y 84 han\nrequerido hospitalizaci\u00f3n, en el trascurso de la pandemia.<\/p>\n\n\n\n<p>La\nJurisdicci\u00f3n Sanitaria de Valles Centrales persiste como la zona m\u00e1s afectada,\ncon un global de 81 registros, seguido por la Mixteca con 29 reportes, Tuxtepec\ny el Istmo de Tehuantepec con 21 casos cada uno, la Costa con 10 pacientes, y\nla Sierra (Norte) contin\u00faa con un solo caso.<\/p>\n\n\n\n<p>Respecto a\nlas v\u00edctimas fatales por Covid-19, ocho son mujeres y 14 hombres. Asimismo del\ntotal de defunciones, nueve eran oriundos de Valles Centrales, cinco de\nTuxtepec, cuatro de la Mixteca; el Istmo de Tehuantepec y la Costa presentan\ndos reportes, respectivamente, la Sierra Norte hasta el momento se encuentra en\ncero defunciones.<\/p>\n","protected":false},"excerpt":{"rendered":"<p>Redacci\u00f3n\/Zona Roja. Oaxaca de Ju\u00e1rez, Oax. 2 de mayo de 2020.- Los Servicios de Salud&hellip;<\/p>\n","protected":false},"author":2,"featured_media":11875,"comment_status":"closed","ping_status":"open","sticky":false,"template":"","format":"standard","meta":{"_lmt_disableupdate":"","_lmt_disable":"","_jetpack_memberships_contains_paid_content":false,"footnotes":""},"categories":[109,47],"tags":[1512],"class_list":["post-11874","post","type-post","status-publish","format-standard","has-post-thumbnail","hentry","category-minuto-a-minuto","category-zona-gris","tag-coronavirus-oaxaca"],"jetpack_featured_media_url":"https:\/\/zonaroja.com.mx\/wp-content\/uploads\/2020\/05\/SSO-1-1.jpeg","jetpack_sharing_enabled":true,"_links":{"self":[{"href":"https:\/\/zonaroja.com.mx\/index.php?rest_route=\/wp\/v2\/posts\/11874","targetHints":{"allow":["GET"]}}],"collection":[{"href":"https:\/\/zonaroja.com.mx\/index.php?rest_route=\/wp\/v2\/posts"}],"about":[{"href":"https:\/\/zonaroja.com.mx\/index.php?rest_route=\/wp\/v2\/types\/post"}],"author":[{"embeddable":true,"href":"https:\/\/zonaroja.com.mx\/index.php?rest_route=\/wp\/v2\/users\/2"}],"replies":[{"embeddable":true,"href":"https:\/\/zonaroja.com.mx\/index.php?rest_route=%2Fwp%2Fv2%2Fcomments&post=11874"}],"version-history":[{"count":2,"href":"https:\/\/zonaroja.com.mx\/index.php?rest_route=\/wp\/v2\/posts\/11874\/revisions"}],"predecessor-version":[{"id":11878,"href":"https:\/\/zonaroja.com.mx\/index.php?rest_route=\/wp\/v2\/posts\/11874\/revisions\/11878"}],"wp:featuredmedia":[{"embeddable":true,"href":"https:\/\/zonaroja.com.mx\/index.php?rest_route=\/wp\/v2\/media\/11875"}],"wp:attachment":[{"href":"https:\/\/zonaroja.com.mx\/index.php?rest_route=%2Fwp%2Fv2%2Fmedia&parent=11874"}],"wp:term":[{"taxonomy":"category","embeddable":true,"href":"https:\/\/zonaroja.com.mx\/index.php?rest_route=%2Fwp%2Fv2%2Fcategories&post=11874"},{"taxonomy":"post_tag","embeddable":true,"href":"https:\/\/zonaroja.com.mx\/index.php?rest_route=%2Fwp%2Fv2%2Ftags&post=11874"}],"curies":[{"name":"wp","href":"https:\/\/api.w.org\/{rel}","templated":true}]}}