{"id":11879,"date":"2020-05-02T21:55:34","date_gmt":"2020-05-03T02:55:34","guid":{"rendered":"http:\/\/www.zonaroja.com.mx\/?p=11879"},"modified":"2020-05-02T21:55:37","modified_gmt":"2020-05-03T02:55:37","slug":"registra-oaxaca-tres-asesinatos-en-las-ultimas-24-horas","status":"publish","type":"post","link":"https:\/\/zonaroja.com.mx\/?p=11879","title":{"rendered":"Registra Oaxaca tres asesinatos en las \u00faltimas 24 horas"},"content":{"rendered":"\n<p>Redacci\u00f3n\/Zona\nRoja.<\/p>\n\n\n\n<p>Oaxaca de Ju\u00e1rez, Oax., 2 de mayo de 2020.- Tres personas fueron asesinadas por disparos de arma de fuego en las \u00faltimas 24 horas, en las regiones Istmo de Tehuantepec , Valles Centrales y Cuenca del Papaloapan.<\/p>\n\n\n\n<p>La tarde de\nhoy, a un costado de la supercarretera Oaxaca-Istmo, en inmediaciones de la\ncomunidad de San Lorenzo Albarradas, fue localizado el cuerpo de una persona,\ncon disparos de arma de fuego.<\/p>\n\n\n\n<p>Hasta esta\nnoche no ha sido identificada la v\u00edctima, quien vest\u00eda zapatos color negro,\npantal\u00f3n azul de mezclilla y camisa de manga larga color azul turquesa. <\/p>\n\n\n\n<p>Por otra parte, noche fue ultimada una persona del sexo masculino en el municipio de Mat\u00edas Romero Avenda\u00f1o; el crimen se perpetr\u00f3 alrededor de las 22:30 horas en la calle Ejido Sur de la colonia Justo Sierra; ha sido identificado \u00fanicamente como \u201cEl Bejuco\u201d.<\/p>\n\n\n\n<p>Como se inform\u00f3 en la ma\u00f1ana, durante la madrugada de hoy fue hallada la cabeza de un individuo, en la fuente \u00abLas Mariposas\u00bb del fraccionamiento Costa Verde de San Juan Bautista Tuxtepec; hasta el momento no ha sido localizado el cuerpo.<\/p>\n\n\n\n<p>TIRAN\nCAD\u00c1VERES<\/p>\n\n\n\n<p>Por otra\nparte, en los l\u00edmites de Oaxaca y Veracruz, esta ma\u00f1ana fueron hallados los cuerpos\nde tres personas, tambi\u00e9n asesinados a tiros.<\/p>\n\n\n\n<p>Fue en la\nl\u00ednea divisoria entre San Juan Bautista Tuxtepec y Cosamaloapan, en\ninmediaciones de la localidad de Las Pe\u00f1itas, perteneciente a este municipio;\nhasta el momento a\u00fan no han sido identificados.<\/p>\n","protected":false},"excerpt":{"rendered":"<p>Redacci\u00f3n\/Zona Roja. Oaxaca de Ju\u00e1rez, Oax., 2 de mayo de 2020.- Tres personas fueron asesinadas&hellip;<\/p>\n","protected":false},"author":2,"featured_media":11880,"comment_status":"closed","ping_status":"open","sticky":false,"template":"","format":"standard","meta":{"_lmt_disableupdate":"","_lmt_disable":"","_jetpack_memberships_contains_paid_content":false,"footnotes":""},"categories":[109,51],"tags":[1564],"class_list":["post-11879","post","type-post","status-publish","format-standard","has-post-thumbnail","hentry","category-minuto-a-minuto","category-zona-roja","tag-asesinatos-oaxaca"],"jetpack_featured_media_url":"https:\/\/zonaroja.com.mx\/wp-content\/uploads\/2020\/05\/93f182fd-e7db-486c-80d9-5674b6c85f2f.jpg","jetpack_sharing_enabled":true,"_links":{"self":[{"href":"https:\/\/zonaroja.com.mx\/index.php?rest_route=\/wp\/v2\/posts\/11879","targetHints":{"allow":["GET"]}}],"collection":[{"href":"https:\/\/zonaroja.com.mx\/index.php?rest_route=\/wp\/v2\/posts"}],"about":[{"href":"https:\/\/zonaroja.com.mx\/index.php?rest_route=\/wp\/v2\/types\/post"}],"author":[{"embeddable":true,"href":"https:\/\/zonaroja.com.mx\/index.php?rest_route=\/wp\/v2\/users\/2"}],"replies":[{"embeddable":true,"href":"https:\/\/zonaroja.com.mx\/index.php?rest_route=%2Fwp%2Fv2%2Fcomments&post=11879"}],"version-history":[{"count":1,"href":"https:\/\/zonaroja.com.mx\/index.php?rest_route=\/wp\/v2\/posts\/11879\/revisions"}],"predecessor-version":[{"id":11881,"href":"https:\/\/zonaroja.com.mx\/index.php?rest_route=\/wp\/v2\/posts\/11879\/revisions\/11881"}],"wp:featuredmedia":[{"embeddable":true,"href":"https:\/\/zonaroja.com.mx\/index.php?rest_route=\/wp\/v2\/media\/11880"}],"wp:attachment":[{"href":"https:\/\/zonaroja.com.mx\/index.php?rest_route=%2Fwp%2Fv2%2Fmedia&parent=11879"}],"wp:term":[{"taxonomy":"category","embeddable":true,"href":"https:\/\/zonaroja.com.mx\/index.php?rest_route=%2Fwp%2Fv2%2Fcategories&post=11879"},{"taxonomy":"post_tag","embeddable":true,"href":"https:\/\/zonaroja.com.mx\/index.php?rest_route=%2Fwp%2Fv2%2Ftags&post=11879"}],"curies":[{"name":"wp","href":"https:\/\/api.w.org\/{rel}","templated":true}]}}