{"id":11883,"date":"2020-05-03T08:17:27","date_gmt":"2020-05-03T13:17:27","guid":{"rendered":"http:\/\/www.zonaroja.com.mx\/?p=11883"},"modified":"2020-05-03T08:17:30","modified_gmt":"2020-05-03T13:17:30","slug":"resurge-violencia-en-san-mateo-del-mar-hieren-a-uno-y-queman-casa","status":"publish","type":"post","link":"https:\/\/zonaroja.com.mx\/?p=11883","title":{"rendered":"Resurge violencia en San Mateo del Mar; hieren a uno y queman casa"},"content":{"rendered":"\n<p>Redacci\u00f3n\/Zona Roja.<\/p>\n\n\n\n<p>Oaxaca de Ju\u00e1rez, Oax., 3 de mayo de\n2020.- La violencia resurgi\u00f3 este domingo en San Mateo del Mar, donde fue\nherida de bala una persona e incendiada una vivienda, as\u00ed como dos unidades de\nmotor.<\/p>\n\n\n\n<p>De acuerdo con los primeros reportes, la\ntrifulca deriv\u00f3 cuando un grupo de personas pretendi\u00f3 cruzar el cerco sanitario\nde acceso a la agencia municipal de Huazantl\u00e1n del R\u00edo.<\/p>\n\n\n\n<p>Los presuntos infractores iniciaron las\nagresiones que dejaron como saldo una persona herida por arma de fuego, a\u00fan sin\nidentificar, as\u00ed como el incendio de la vivienda del agente municipal Luis\nCh\u00e1vez, adem\u00e1s de otros dos veh\u00edculos quemados.<\/p>\n\n\n\n<p>Hasta el momento no hay mayores datos\nde la confrontaci\u00f3n y personal de la Polic\u00eda Estatal se traslad\u00f3 al lugar de\nlos hechos.<\/p>\n\n\n\n<p>Apenas el 13 de octubre del a\u00f1o pasado,\nse suscitaron diversos hechos violentos que llevaron a cancelar la elecci\u00f3n de\nautoridades municipales por el r\u00e9gimen de Sistemas Normativos Ind\u00edgenas.<\/p>\n","protected":false},"excerpt":{"rendered":"<p>Redacci\u00f3n\/Zona Roja. Oaxaca de Ju\u00e1rez, Oax., 3 de mayo de 2020.- La violencia resurgi\u00f3 este&hellip;<\/p>\n","protected":false},"author":2,"featured_media":11884,"comment_status":"closed","ping_status":"open","sticky":false,"template":"","format":"standard","meta":{"_lmt_disableupdate":"","_lmt_disable":"","_jetpack_memberships_contains_paid_content":false,"footnotes":""},"categories":[109,47],"tags":[605],"class_list":["post-11883","post","type-post","status-publish","format-standard","has-post-thumbnail","hentry","category-minuto-a-minuto","category-zona-gris","tag-san-mateo-del-mar"],"jetpack_featured_media_url":"https:\/\/zonaroja.com.mx\/wp-content\/uploads\/2020\/05\/San-Mateo-del-Mar-4.jpg","jetpack_sharing_enabled":true,"_links":{"self":[{"href":"https:\/\/zonaroja.com.mx\/index.php?rest_route=\/wp\/v2\/posts\/11883","targetHints":{"allow":["GET"]}}],"collection":[{"href":"https:\/\/zonaroja.com.mx\/index.php?rest_route=\/wp\/v2\/posts"}],"about":[{"href":"https:\/\/zonaroja.com.mx\/index.php?rest_route=\/wp\/v2\/types\/post"}],"author":[{"embeddable":true,"href":"https:\/\/zonaroja.com.mx\/index.php?rest_route=\/wp\/v2\/users\/2"}],"replies":[{"embeddable":true,"href":"https:\/\/zonaroja.com.mx\/index.php?rest_route=%2Fwp%2Fv2%2Fcomments&post=11883"}],"version-history":[{"count":1,"href":"https:\/\/zonaroja.com.mx\/index.php?rest_route=\/wp\/v2\/posts\/11883\/revisions"}],"predecessor-version":[{"id":11885,"href":"https:\/\/zonaroja.com.mx\/index.php?rest_route=\/wp\/v2\/posts\/11883\/revisions\/11885"}],"wp:featuredmedia":[{"embeddable":true,"href":"https:\/\/zonaroja.com.mx\/index.php?rest_route=\/wp\/v2\/media\/11884"}],"wp:attachment":[{"href":"https:\/\/zonaroja.com.mx\/index.php?rest_route=%2Fwp%2Fv2%2Fmedia&parent=11883"}],"wp:term":[{"taxonomy":"category","embeddable":true,"href":"https:\/\/zonaroja.com.mx\/index.php?rest_route=%2Fwp%2Fv2%2Fcategories&post=11883"},{"taxonomy":"post_tag","embeddable":true,"href":"https:\/\/zonaroja.com.mx\/index.php?rest_route=%2Fwp%2Fv2%2Ftags&post=11883"}],"curies":[{"name":"wp","href":"https:\/\/api.w.org\/{rel}","templated":true}]}}