{"id":11889,"date":"2020-05-03T10:46:22","date_gmt":"2020-05-03T15:46:22","guid":{"rendered":"http:\/\/www.zonaroja.com.mx\/?p=11889"},"modified":"2020-05-03T10:46:25","modified_gmt":"2020-05-03T15:46:25","slug":"lanzan-escritores-libro-digital-sobre-relatos-de-la-pandemia-en-oaxaca","status":"publish","type":"post","link":"https:\/\/zonaroja.com.mx\/?p=11889","title":{"rendered":"Lanzan escritores libro digital sobre relatos de la pandemia en Oaxaca"},"content":{"rendered":"\n<p>Evlin Arag\u00f3n\/Zona Roja.<\/p>\n\n\n\n<p>Oaxaca de Ju\u00e1rez, Oax., 3 de mayo de\n2020.- \u201cCuadernos de la Pandemia\u201d es el proyecto editorial digital con el que\nun grupo de periodistas, profesionistas y personas vinculadas a la academia\noaxaque\u00f1a, compartir\u00e1n vivencias personales y colectivas en torno al Covid-19,\nas\u00ed como analizar\u00e1n lo que lo ocurre en la entidad con relaci\u00f3n a las\ndecisiones gubernamentales y las reacciones de la sociedad.<\/p>\n\n\n\n<p>Todo lo anterior en medio de una\nemergencia sanitaria que tom\u00f3 por sorpresa al mundo entero y de la cual hasta\nlas m\u00e1s grandes potencias econ\u00f3micas han sido afectadas con decenas y miles de\ncontagios que han hecho tambalear a los sistemas de salud m\u00e1s sofisticados.<\/p>\n\n\n\n<p>\u201cEscribir sobre los efectos e impactos\nque en todos los \u00e1mbitos del quehacer individual y colectivo de los oaxaque\u00f1os\ntiene la pandemia por Covid-19 que, entre otras cosas, nos ha obligado a la\nsana distancia y a encerrarnos en casa, es un ejercicio que se antoja no\nsolamente oportuno sino necesario\u201d, refiere la publicaci\u00f3n en su presentaci\u00f3n.<\/p>\n\n\n\n<p>Aunque las experiencias de las y los\nautores ser\u00e1n muy importantes, tambi\u00e9n lo ser\u00e1 el puntual seguimiento de las\nacciones que implementan los gobiernos federal, estatal y municipales para\nhacer frente a la contingencia in\u00e9dita, particularmente porque a\u00fan no existe\ncerteza de los costos que a mediano y largo tendr\u00e1 la pandemia en Oaxaca y su\nhabitantes.<\/p>\n\n\n\n<p>Adem\u00e1s, pretenden pasar del an\u00e1lisis a\nlas propuestas ciudadanas que permitan hacer contrapeso a las acciones\ngubernamentales que se han quedado cortas ante la magnitud de la pandemia\nderivada un virus que lleg\u00f3 para quedarse con repercusiones en la vida p\u00fablica\ny privada de la poblaci\u00f3n mundial.<\/p>\n\n\n\n<p>\u201cEl coronavirus lleg\u00f3 para quedarse y,\na no dudarlo, ser\u00e1 un factor que revolucionar\u00e1 tanto la vida privada como\np\u00fablica de los mexicanos y todo el quehacer pol\u00edtico-institucional\u201d, refieren.<\/p>\n\n\n\n<p>El proyecto est\u00e1 coordinado por Isidoro\nYescas Mart\u00ednez y Claudio S\u00e1nchez Islas; cuenta con la colaboraci\u00f3n en esta\nprimera edici\u00f3n de Juan Arturo Barrita Ortiz, Ad\u00e1n Pacheco Ram\u00edrez, Rogelio\nVargas Garfias, Manuel Esparza Camargo, Olga Montes Garc\u00eda, Olga Rosario\nAvenda\u00f1o, Gerardo Garfias Ruiz y Octavio V\u00e9lez Ascencio.<\/p>\n\n\n\n<p>De igual forma, cuenta con las\nreflexiones de Carlos R. S\u00e1nchez Silva, Luis Ignacio Vel\u00e1squez, N\u00e9stor Y.\nS\u00e1nchez Islas, Bartolom\u00e9 Rodolfo Navarro Jim\u00e9nez, Alfredo Mart\u00ednez de Aguilar,\nJoel Vicente Cort\u00e9s, Libertad Ruiz, Ra\u00fal Castellanos Hern\u00e1ndez, Manuel Matus\nManzo, Araceli Mancilla Zayas, Prometeo A. S\u00e1nchez Islas, Guadalupe Thomas,\nCarlos Sorroza Polo, Samael Hern\u00e1ndez Ruiz y un ensayo fotogr\u00e1fico de David\nYescas.<\/p>\n\n\n\n<p>En un esfuerzo colectivo de Carteles\nEditores y con la intenci\u00f3n de llegar al mayor n\u00famero de lectores, la circulaci\u00f3n\nser\u00e1 gratuita y podr\u00e1 reproducirse total o parcialmente por otros medios con el\n\u00fanico requisito de darles los cr\u00e9ditos correspondientes a la publicaci\u00f3n y sus\nautores.<\/p>\n","protected":false},"excerpt":{"rendered":"<p>Evlin Arag\u00f3n\/Zona Roja. Oaxaca de Ju\u00e1rez, Oax., 3 de mayo de 2020.- \u201cCuadernos de la&hellip;<\/p>\n","protected":false},"author":2,"featured_media":11890,"comment_status":"closed","ping_status":"open","sticky":false,"template":"","format":"standard","meta":{"_lmt_disableupdate":"","_lmt_disable":"","_jetpack_memberships_contains_paid_content":false,"footnotes":""},"categories":[109,46],"tags":[1655],"class_list":["post-11889","post","type-post","status-publish","format-standard","has-post-thumbnail","hentry","category-minuto-a-minuto","category-zona-blanca","tag-cuadernos-de-la-pandemia"],"jetpack_featured_media_url":"https:\/\/zonaroja.com.mx\/wp-content\/uploads\/2020\/05\/Cuadernos-de-la-pandemia.jpg","jetpack_sharing_enabled":true,"_links":{"self":[{"href":"https:\/\/zonaroja.com.mx\/index.php?rest_route=\/wp\/v2\/posts\/11889","targetHints":{"allow":["GET"]}}],"collection":[{"href":"https:\/\/zonaroja.com.mx\/index.php?rest_route=\/wp\/v2\/posts"}],"about":[{"href":"https:\/\/zonaroja.com.mx\/index.php?rest_route=\/wp\/v2\/types\/post"}],"author":[{"embeddable":true,"href":"https:\/\/zonaroja.com.mx\/index.php?rest_route=\/wp\/v2\/users\/2"}],"replies":[{"embeddable":true,"href":"https:\/\/zonaroja.com.mx\/index.php?rest_route=%2Fwp%2Fv2%2Fcomments&post=11889"}],"version-history":[{"count":1,"href":"https:\/\/zonaroja.com.mx\/index.php?rest_route=\/wp\/v2\/posts\/11889\/revisions"}],"predecessor-version":[{"id":11891,"href":"https:\/\/zonaroja.com.mx\/index.php?rest_route=\/wp\/v2\/posts\/11889\/revisions\/11891"}],"wp:featuredmedia":[{"embeddable":true,"href":"https:\/\/zonaroja.com.mx\/index.php?rest_route=\/wp\/v2\/media\/11890"}],"wp:attachment":[{"href":"https:\/\/zonaroja.com.mx\/index.php?rest_route=%2Fwp%2Fv2%2Fmedia&parent=11889"}],"wp:term":[{"taxonomy":"category","embeddable":true,"href":"https:\/\/zonaroja.com.mx\/index.php?rest_route=%2Fwp%2Fv2%2Fcategories&post=11889"},{"taxonomy":"post_tag","embeddable":true,"href":"https:\/\/zonaroja.com.mx\/index.php?rest_route=%2Fwp%2Fv2%2Ftags&post=11889"}],"curies":[{"name":"wp","href":"https:\/\/api.w.org\/{rel}","templated":true}]}}